{"id":3464,"date":"2026-02-17T00:10:16","date_gmt":"2026-02-17T00:10:16","guid":{"rendered":"https:\/\/www.newsrecorder.ro\/app\/2026\/02\/17\/tragedie-in-orientul-mijlociu-un-militar-francez-a-murit-in-accident\/"},"modified":"2026-02-17T00:10:16","modified_gmt":"2026-02-17T00:10:16","slug":"tragedie-in-orientul-mijlociu-un-militar-francez-a-murit-in-accident","status":"publish","type":"post","link":"https:\/\/www.newsrecorder.ro\/app\/2026\/02\/17\/tragedie-in-orientul-mijlociu-un-militar-francez-a-murit-in-accident\/","title":{"rendered":"Tragedie \u00een Orientul Mijlociu: un militar francez a murit \u00een accident"},"content":{"rendered":"<p>Thibaud Breteau, un sergent-major al for\u021belor armate franceze, desf\u0103\u0219ura o misiune extern\u0103 de aproximativ o lun\u0103 \u00een Iordania, av\u00e2nd rolul de armurier \u00een cadrul deta\u0219amentului de muni\u021bii al unei baze militare, \u00een contextul Opera\u021biunii Chammal, conform informa\u021biilor furnizate de <a style=\"color: #0000ff\" href=\"https:\/\/www.lefigaro.fr\/international\/un-militaire-francais-decede-apres-une-operation-de-manutention-au-moyen-orient-20260216\">Le Figaro<\/a>.<\/p>\n<p>Din p\u0103cate, s\u00e2mb\u0103t\u0103, sergentul a suferit r\u0103ni grave \u00een urma unui accident petrecut \u00een timpul manipul\u0103rii muni\u021biei. Din p\u0103cate, luni, acesta a decedat din cauza r\u0103nilor suferite.<\/p>\n<p>Opera\u021biunea Chammal, \u00een cadrul c\u0103reia Breteau \u00ee\u0219i desf\u0103\u0219ura activitatea, a fost ini\u021biat\u0103 \u00een 2014 \u0219i reprezint\u0103 contribu\u021bia Fran\u021bei la coali\u021bia interna\u021bional\u0103 \u201eInherent Resolve\u201d, care \u00ee\u0219i propune s\u0103 sprijine for\u021bele irakiene \u00een lupta \u00eempotriva Statului Islamic, av\u00e2nd \u0219i un rol de consiliere pentru autorit\u0103\u021bile politice \u0219i militare irakiene.<\/p>\n<p>Thibaud Breteau s-a \u00eenrolat \u00een armat\u0103 \u00een 2013 \u0219i anterior, \u00eentre august \u0219i octombrie 2017, a participat la o alt\u0103 misiune \u00een Orientul Mijlociu, tot \u00een cadrul Opera\u021biunii Chammal.<\/p>\n<p>Pe parcursul carierei sale, acesta a fost distins cu numeroase medalii, inclusiv Medalia Ap\u0103r\u0103rii Na\u021bionale (nivel argint), Medalia pentru Misiuni Externe cu baretele Sahel \u0219i Orientul Mijlociu, precum \u0219i Medalia pentru Protec\u021bia Teritoriului cu bareta Sentinelle.<\/p>\n<p>\u00cen urma tragicelor evenimente, Generalul For\u021belor Aeriene J\u00e9r\u00f4me Bellanger, \u0219eful Statului Major al For\u021belor Aeriene \u0219i Spa\u021biale, a exprimat o profund\u0103 triste\u021be: \u201eNe \u00eenclin\u0103m \u00een fa\u021ba memoriei acestui aviator, victim\u0103 a unui accident \u00een timpul misiunii sale. G\u00e2ndurile noastre se \u00eendreapt\u0103 c\u0103tre familia sa, cei dragi \u0219i camarazii s\u0103i de lupt\u0103\u201d, a declarat Ministerul For\u021belor Armate.<\/p>\n<p>De asemenea, comunitatea local\u0103 a reac\u021bionat la vestea decesului militarului. Primarul ora\u0219ului s\u0103u natal, La Teste-de-Buch, a afirmat: \u201eComunitatea noastr\u0103 a pierdut unul dintre ai s\u0103i\u201d.<\/p>\n","protected":false},"excerpt":{"rendered":"<p>Thibaud Breteau, un sergent-major al for\u021belor armate franceze, desf\u0103\u0219ura o misiune extern\u0103 de aproximativ o lun\u0103 \u00een Iordania, av\u00e2nd rolul de armurier \u00een cadrul deta\u0219amentului de muni\u021bii al unei baze militare, \u00een contextul Opera\u021biunii Chammal, conform informa\u021biilor furnizate de Le Figaro. Din p\u0103cate, s\u00e2mb\u0103t\u0103, sergentul a suferit r\u0103ni grave \u00een urma unui accident petrecut \u00een [&hellip;]<\/p>\n","protected":false},"author":2,"featured_media":3465,"comment_status":"open","ping_status":"open","sticky":false,"template":"","format":"standard","meta":{"jnews-multi-image_gallery":[],"jnews_single_post":[],"jnews_primary_category":[],"jnews_override_counter":[],"footnotes":""},"categories":[41],"tags":[5591,5588,3461,5590,5589,5587,3969,5586],"class_list":["post-3464","post","type-post","status-publish","format-standard","has-post-thumbnail","hentry","category-externe","tag-coalitia-internationala","tag-forte-armate-franceze","tag-iordania","tag-munitii","tag-operatiunea-chammal","tag-sergent-major","tag-statul-islamic","tag-thibaud-breteau"],"_links":{"self":[{"href":"https:\/\/www.newsrecorder.ro\/app\/wp-json\/wp\/v2\/posts\/3464","targetHints":{"allow":["GET"]}}],"collection":[{"href":"https:\/\/www.newsrecorder.ro\/app\/wp-json\/wp\/v2\/posts"}],"about":[{"href":"https:\/\/www.newsrecorder.ro\/app\/wp-json\/wp\/v2\/types\/post"}],"author":[{"embeddable":true,"href":"https:\/\/www.newsrecorder.ro\/app\/wp-json\/wp\/v2\/users\/2"}],"replies":[{"embeddable":true,"href":"https:\/\/www.newsrecorder.ro\/app\/wp-json\/wp\/v2\/comments?post=3464"}],"version-history":[{"count":0,"href":"https:\/\/www.newsrecorder.ro\/app\/wp-json\/wp\/v2\/posts\/3464\/revisions"}],"wp:featuredmedia":[{"embeddable":true,"href":"https:\/\/www.newsrecorder.ro\/app\/wp-json\/wp\/v2\/media\/3465"}],"wp:attachment":[{"href":"https:\/\/www.newsrecorder.ro\/app\/wp-json\/wp\/v2\/media?parent=3464"}],"wp:term":[{"taxonomy":"category","embeddable":true,"href":"https:\/\/www.newsrecorder.ro\/app\/wp-json\/wp\/v2\/categories?post=3464"},{"taxonomy":"post_tag","embeddable":true,"href":"https:\/\/www.newsrecorder.ro\/app\/wp-json\/wp\/v2\/tags?post=3464"}],"curies":[{"name":"wp","href":"https:\/\/api.w.org\/{rel}","templated":true}]}}