{"id":3472,"date":"2026-02-17T00:37:40","date_gmt":"2026-02-17T00:37:40","guid":{"rendered":"https:\/\/www.newsrecorder.ro\/app\/2026\/02\/17\/mircea-geoana-cartile-se-rescriu-pentru-prosperitatea-natiunilor\/"},"modified":"2026-02-17T00:37:40","modified_gmt":"2026-02-17T00:37:40","slug":"mircea-geoana-cartile-se-rescriu-pentru-prosperitatea-natiunilor","status":"publish","type":"post","link":"https:\/\/www.newsrecorder.ro\/app\/2026\/02\/17\/mircea-geoana-cartile-se-rescriu-pentru-prosperitatea-natiunilor\/","title":{"rendered":"Mircea Geoan\u0103: C\u0103r\u021bile se rescriu pentru prosperitatea na\u021biunilor!"},"content":{"rendered":"<p>\u00centr-o apari\u021bie recent\u0103 la Antena 3, Mircea Geoan\u0103, fost ministru de Externe al Rom\u00e2niei, a subliniat c\u0103 \u021bara noastr\u0103 se confrunt\u0103 cu o situa\u021bie confuz\u0103, lipsit\u0103 de direc\u021bie \u0219i de un leadership autentic.<\/p>\n<p>Geoan\u0103 a lansat un apel pentru mobilizarea exper\u021bilor \u0219i pentru implementarea unor reforme structurale care s\u0103 fie \u00een concordan\u021b\u0103 cu noile realit\u0103\u021bi geopolitice \u0219i economice.<\/p>\n<p><strong>\u201eO senza\u021bie de haos\u201d<\/strong><\/p>\n<p>Critic\u00e2nd modul \u00een care actuala conducere abordeaz\u0103 complexitatea situa\u021biei actuale, Geoan\u0103 a remarcat c\u0103 exist\u0103 \u201eo senza\u021bie de haos\u201d \u0219i o lips\u0103 de coeren\u021b\u0103 \u00een deciziile luate. El a afirmat: \u201eFac un pas \u00eenainte, doi \u00eenapoi\u2026 parc\u0103 nu \u0219tiu pe unde s\u0103 o ia. \u00centr-un moment de criz\u0103, na\u021biunea are nevoie de \u00eencredere, iar \u00eencrederea este cea care lipse\u0219te \u00een momentul de fa\u021b\u0103.\u201d<\/p>\n<p>Conform viziunii sale, rec\u00e2\u0219tigarea \u00eencrederii rom\u00e2nilor ar trebui s\u0103 \u00eenceap\u0103 prin prezentarea unui plan clar de \u021bar\u0103, care s\u0103 includ\u0103 asumarea public\u0103 a etapelor \u0219i obiectivelor. \u201eTrebuie s\u0103 spunem: planul nostru de \u021bar\u0103 este acesta. Suntem \u00eentr-un moment de criz\u0103, dar \u00een luna cutare facem asta, apoi asta. Lipsesc toate aceste repere\u201d, a declarat el.<\/p>\n<p><strong>Ie\u0219irea din \u201epilot automat\u201d \u0219i o lume \u00een schimbare<\/strong><\/p>\n<p>Geoan\u0103 a subliniat c\u0103 Rom\u00e2nia nu mai poate func\u021biona pe baza vechilor aranjamente euro-atlantice. \u201eEram pe pilot automat. UE, NATO, rela\u021bia cu America\u2026 \u0219tiam s\u0103 facem treaba asta. Acum acele formate nu mai sunt ceea ce erau \u00eenainte\u201d, a explicat el.<\/p>\n<p>El a eviden\u021biat faptul c\u0103 lumea trece prin transform\u0103ri profunde, cu un accent din ce \u00een ce mai mare pe dimensiunea economic\u0103 \u0219i geo-economic\u0103, precum \u0219i pe pragmatism. \u201eSe rescriu c\u0103r\u021bile inclusiv pentru viitoarea prosperitate a na\u021biunilor\u2026 se schimb\u0103 modelul economic, contractul social, ideologia partidelor\u201d, a ad\u0103ugat Geoan\u0103.<\/p>\n<p><strong>Task force-uri \u0219i atragerea exper\u021bilor<\/strong><\/p>\n<p>Geoan\u0103 a propus necesitatea mobiliz\u0103rii competen\u021belor externe \u0219i crearea unor structuri de lucru flexibile, avans\u00e2nd conceptul de \u201etask-force transversal\u201d. Aceasta ar implica implicarea exper\u021bilor apolitici din diverse domenii. \u201eEste nevoie de task force-uri transversale dincolo de ministere\u2026 s\u0103 coopteze oameni care \u0219tiu s\u0103 fac\u0103 treaba asta\u201d, a declarat el.<\/p>\n<p>Fostul ministru a criticat hiperpolitizarea administra\u021biei \u0219i incapacitatea sistemului public de a atrage speciali\u0219ti de top, afirm\u00e2nd: \u201eNu mai avem resurse \u00een statul rom\u00e2n s\u0103 facem ceva de foarte bun\u0103 calitate\u2026 nu pot s\u0103 \u00eenchiriez pe legea achizi\u021biilor publice pe cineva talentat.\u201d<\/p>\n<p>Geoan\u0103 a subliniat necesitatea expertizei \u00een construirea argumentelor solide pentru investi\u021bii tehnologice majore, aduc\u00e2nd \u00een discu\u021bie necesitatea unor speciali\u0219ti capabili s\u0103 dezvolte un business-case pentru companii precum Google, Amazon, Microsoft sau Nvidia. \u201eNu este o chestiune politic\u0103 \u0219i birocratic\u0103\u201d, a precizat el.<\/p>\n<p>\u00cen opinia sa, implicarea profesioni\u0219tilor ar putea aduce credibilitate \u0219i ar transforma discursul politic din simple sloganuri \u00een ac\u021biuni concrete. \u201eVorbele politicienilor \u00eencep s\u0103 capete pu\u021bin\u0103 concrete\u021be \u0219i reconstruim aceast\u0103 \u00eencredere\u201d, a ad\u0103ugat Geoan\u0103.<\/p>\n<p><strong>\u201eA\u0219a cum ne a\u0219ternem, a\u0219a vom dormi\u201d<\/strong><\/p>\n<p>Geoan\u0103 a insistat asupra importan\u021bei realismului \u0219i a colabor\u0103rii extinse. \u201eDac\u0103 este complicat, recuno\u0219ti c\u0103 este complicat, ceri ajutor\u2026 nimeni nu le \u0219tie pe toate.\u201d<\/p>\n<p>El a sugerat, de asemenea, crearea unor consilii consultative pentru pre\u0219edinte \u0219i guvern, afirm\u00e2nd: \u201ePutem face un advisory board\u2026 pentru c\u0103 a\u0219a cum ne a\u0219ternem acum, a\u0219a vom dormi multe decenii.\u201d<\/p>\n","protected":false},"excerpt":{"rendered":"<p>\u00centr-o apari\u021bie recent\u0103 la Antena 3, Mircea Geoan\u0103, fost ministru de Externe al Rom\u00e2niei, a subliniat c\u0103 \u021bara noastr\u0103 se confrunt\u0103 cu o situa\u021bie confuz\u0103, lipsit\u0103 de direc\u021bie \u0219i de un leadership autentic. Geoan\u0103 a lansat un apel pentru mobilizarea exper\u021bilor \u0219i pentru implementarea unor reforme structurale care s\u0103 fie \u00een concordan\u021b\u0103 cu noile realit\u0103\u021bi [&hellip;]<\/p>\n","protected":false},"author":2,"featured_media":3473,"comment_status":"open","ping_status":"open","sticky":false,"template":"","format":"standard","meta":{"jnews-multi-image_gallery":[],"jnews_single_post":[],"jnews_primary_category":[],"jnews_override_counter":[],"footnotes":""},"categories":[42],"tags":[877,5608,210,5606,5605,1062,149,5607],"class_list":["post-3472","post","type-post","status-publish","format-standard","has-post-thumbnail","hentry","category-politica","tag-geopolitica","tag-haos","tag-incredere","tag-leadership","tag-mircea-geoana","tag-reforme-structurale","tag-romania","tag-situatie-confuza"],"_links":{"self":[{"href":"https:\/\/www.newsrecorder.ro\/app\/wp-json\/wp\/v2\/posts\/3472","targetHints":{"allow":["GET"]}}],"collection":[{"href":"https:\/\/www.newsrecorder.ro\/app\/wp-json\/wp\/v2\/posts"}],"about":[{"href":"https:\/\/www.newsrecorder.ro\/app\/wp-json\/wp\/v2\/types\/post"}],"author":[{"embeddable":true,"href":"https:\/\/www.newsrecorder.ro\/app\/wp-json\/wp\/v2\/users\/2"}],"replies":[{"embeddable":true,"href":"https:\/\/www.newsrecorder.ro\/app\/wp-json\/wp\/v2\/comments?post=3472"}],"version-history":[{"count":0,"href":"https:\/\/www.newsrecorder.ro\/app\/wp-json\/wp\/v2\/posts\/3472\/revisions"}],"wp:featuredmedia":[{"embeddable":true,"href":"https:\/\/www.newsrecorder.ro\/app\/wp-json\/wp\/v2\/media\/3473"}],"wp:attachment":[{"href":"https:\/\/www.newsrecorder.ro\/app\/wp-json\/wp\/v2\/media?parent=3472"}],"wp:term":[{"taxonomy":"category","embeddable":true,"href":"https:\/\/www.newsrecorder.ro\/app\/wp-json\/wp\/v2\/categories?post=3472"},{"taxonomy":"post_tag","embeddable":true,"href":"https:\/\/www.newsrecorder.ro\/app\/wp-json\/wp\/v2\/tags?post=3472"}],"curies":[{"name":"wp","href":"https:\/\/api.w.org\/{rel}","templated":true}]}}