{"id":3478,"date":"2026-02-17T00:38:56","date_gmt":"2026-02-17T00:38:56","guid":{"rendered":"https:\/\/www.newsrecorder.ro\/app\/2026\/02\/17\/senatoare-sua-la-bucuresti-raportul-congresului-ignorat-de-aparare\/"},"modified":"2026-02-17T00:38:56","modified_gmt":"2026-02-17T00:38:56","slug":"senatoare-sua-la-bucuresti-raportul-congresului-ignorat-de-aparare","status":"publish","type":"post","link":"https:\/\/www.newsrecorder.ro\/app\/2026\/02\/17\/senatoare-sua-la-bucuresti-raportul-congresului-ignorat-de-aparare\/","title":{"rendered":"Senatoare SUA la Bucure\u0219ti: Raportul Congresului, ignorat de ap\u0103rare!"},"content":{"rendered":"<p>Jeanne Shaheen, senatoare din SUA, a condus delega\u021bia bipartizan\u0103 a Congresului american la o \u00eent\u00e2lnire cu jurnali\u0219ti rom\u00e2ni, organizat\u0103 de Ambasada SUA la Bucure\u0219ti. Din p\u0103cate, colegii s\u0103i, senatorul republican Thom Tillis \u0219i senatorul democrat Chris Murphy, nu au putut participa din motive personale \u0219i profesionale.<\/p>\n<p>\u201eVreau s\u0103 \u00eencep prin a le mul\u021bumi gazdelor noastre din Rom\u00e2nia. Am avut o zi cu adev\u0103rat fascinant\u0103. Am reu\u0219it s\u0103 ie\u0219im din Bucure\u0219ti \u0219i s\u0103 vedem pu\u021bin din peisajul rural. Am vizitat centrul de antrenament pentru pilo\u021bii de avioane F-16 \u0219i am fost profund impresiona\u021bi de activitatea desf\u0103\u0219urat\u0103 acolo. Acest lucru subliniaz\u0103 motivul pentru care suntem aici \u0219i mesajul pe care dorim s\u0103-l transmitem poporului rom\u00e2n \u0219i alia\u021bilor no\u0219tri: Rom\u00e2nia este unul dintre cei mai puternici, mai loiali \u0219i mai importan\u021bi alia\u021bi ai Americii. Am v\u0103zut acest lucru din nou ast\u0103zi, c\u00e2nd ne-am \u00eent\u00e2lnit cu oamenii de aici,\u201d a declarat senatoarea Shaheen.<\/p>\n<p>Masa rotund\u0103 cu jurnali\u0219tii rom\u00e2ni a avut loc imediat dup\u0103 \u00eent\u00e2lnirea delega\u021biei cu <a href=\"https:\/\/www.mediafax.ro\/politic\/va-sta-la-aceeasi-masa-cu-presedintele-trump-ambasadorul-romaniei-in-sua-despre-participarea-lui-nicusor-dan-la-consiliul-pacii-23687874\">pre\u0219edintele Nicu\u0219or Dan<\/a>, \u00een contextul \u00een care ambasadorul desemnat, Daryl Nirenberg, se preg\u0103te\u0219te s\u0103-\u0219i preia postul la Bucure\u0219ti.<\/p>\n<p>\u201eAm avut oportunitatea de a discuta cu pre\u0219edintele, ministrul de Externe \u0219i ministrul Ap\u0103r\u0103rii. De asemenea, am zburat \u00eempreun\u0103 cu ministrul Ap\u0103r\u0103rii \u00een aceast\u0103 diminea\u021b\u0103, ceea ce ne-a permis s\u0103 discut\u0103m despre domenii de interes comun legate de securitate na\u021bional\u0103 \u0219i ap\u0103rare. A\u0219tept\u0103m cu ner\u0103bdare s\u0103 colabor\u0103m mai mult \u00een viitor,\u201d a detaliat Jeanne Shaheen.<\/p>\n<p>Senatoarea a subliniat entuziasmul lui Daryl Nirenberg de a-\u0219i \u00eencepe mandatul, men\u021bion\u00e2nd c\u0103 acesta va continua s\u0103 prioritizeze consolidarea rela\u021biilor dintre Statele Unite \u0219i Rom\u00e2nia.<\/p>\n<p>\u201eUnul dintre lucrurile pe care le \u0219tiu ca politician \u2013 \u0219i sunt sigur\u0103 c\u0103 le auzi\u021bi \u0219i de la oficialii dumneavoastr\u0103 \u2013 este c\u0103, de\u0219i guvernele \u0219i liderii se pot schimba, rela\u021bia dintre poporul rom\u00e2n \u0219i poporul american va continua. Acest parteneriat face ca NATO s\u0103 fie mai puternic, Rom\u00e2nia s\u0103 fie mai puternic\u0103 \u0219i Statele Unite s\u0103 fie mai puternice. Acesta este un mesaj important pentru adversarii no\u0219tri, \u00een special pentru Vladimir Putin \u0219i Rusia,\u201d a ad\u0103ugat senatoarea.<\/p>\n<p>\u00cen cadrul discu\u021biei, Jeanne Shaheen a fost \u00eentrebat\u0103 dac\u0103 rom\u00e2nii pot considera \u00een continuare SUA un prieten angajat \u00een parteneriatul strategic, av\u00e2nd \u00een vedere un raport recent al Comisiei juridice din Camera Reprezentan\u021bilor a SUA, care a criticat Rom\u00e2nia \u0219i a adus \u00een discu\u021bie excluderea sa din programul Visa Waiver, precum \u0219i posibilele reduceri ale prezen\u021bei militare americane \u00een \u021bar\u0103.<\/p>\n<p>\u201ePermite\u021bi-mi s\u0103 abordez <a href=\"https:\/\/www.mediafax.ro\/stirile-zilei\/raport-al-congresului-sua-despre-alegerile-prezidentiale-anulate-din-romania-ce-spun-americanii-despre-comisia-europeana-calin-georgescu-tiktok-si-masurile-agresive-de-cenzura-re-23681239\">raportul Comisiei juridice<\/a>, care este un document partizan, ignorat \u00een sistemul de ap\u0103rare din Statele Unite. Consider\u0103m c\u0103 este eronat \u0219i nefondat \u00een fapte. Nu-i acord\u0103m nicio aten\u021bie, a\u0219a c\u0103 poporul rom\u00e2n ar trebui s\u0103-l ignore, pentru c\u0103 nu duce nic\u0103ieri. Pot garanta asta,\u201d a afirmat senatoarea democrat\u0103.<\/p>\n<p>Raportul a fost publicat la \u00eenceputul lunii de Comisia juridic\u0103 din Camera Reprezentan\u021bilor, condus\u0103 de republicanul Jim Jordan, un aliat al pre\u0219edintelui Trump, acuz\u00e2nd Comisia European\u0103 de interferen\u021b\u0103 \u00een alegerile preziden\u021biale anulate din Rom\u00e2nia.<\/p>\n<p>\u201eAvem un Congres cu dou\u0103 camere \u0219i dou\u0103 partide reprezentate. Partidul majoritar din Camer\u0103 a ales o abordare partizan\u0103 \u00een multe probleme, iar aceasta este una dintre ele,\u201d a explicat Jeanne Shaheen.<\/p>\n<p>Referitor la Programul Visa Waiver, senatoarea a men\u021bionat c\u0103, \u00een 2023, a auzit despre importan\u021ba acestuia pentru Rom\u00e2nia. \u201eSenatorul Dick Durbin \u0219i cu mine am introdus un proiect de lege ce avansa pozitiv sub administra\u021bia anterioar\u0103. Din p\u0103cate, a fost tergiversat sub administra\u021bia Trump, dar vom continua s\u0103 insist\u0103m pentru c\u0103 \u0219tim c\u0103 este important pentru Rom\u00e2nia,\u201d a ad\u0103ugat ea.<\/p>\n<p>\u00cen leg\u0103tur\u0103 cu echipele militare, senatoarea a subliniat c\u0103 administra\u021bia Trump a decis s\u0103 retrag\u0103 anumite trupe din Europa, o decizie cu care nu a fost de acord. \u201eNu am avut control asupra acestei decizii, dar am inclus \u00een legisla\u021bia privind ap\u0103rarea o cerin\u021b\u0103 de a evalua \u0219i a fi \u00een contact cu Congresul \u00eenainte de a lua astfel de decizii. Sper\u0103m c\u0103 acest lucru se va \u00eent\u00e2mpla \u00een viitor,\u201d a concluzionat Jeanne Shaheen.<\/p>\n<p>\u201eRom\u00e2nia ar trebui s\u0103 continue s\u0103 considere SUA ca pe un prieten, deoarece noi, SUA, vedem Rom\u00e2nia ca pe un aliat foarte important,\u201d a subliniat senatoarea american\u0103.<\/p>\n","protected":false},"excerpt":{"rendered":"<p>Jeanne Shaheen, senatoare din SUA, a condus delega\u021bia bipartizan\u0103 a Congresului american la o \u00eent\u00e2lnire cu jurnali\u0219ti rom\u00e2ni, organizat\u0103 de Ambasada SUA la Bucure\u0219ti. Din p\u0103cate, colegii s\u0103i, senatorul republican Thom Tillis \u0219i senatorul democrat Chris Murphy, nu au putut participa din motive personale \u0219i profesionale. \u201eVreau s\u0103 \u00eencep prin a le mul\u021bumi gazdelor noastre [&hellip;]<\/p>\n","protected":false},"author":2,"featured_media":3479,"comment_status":"open","ping_status":"open","sticky":false,"template":"","format":"standard","meta":{"jnews-multi-image_gallery":[],"jnews_single_post":[],"jnews_primary_category":[],"jnews_override_counter":[],"footnotes":""},"categories":[41],"tags":[5619,5617,362,5616,5610,5618,149,5615],"class_list":["post-3478","post","type-post","status-publish","format-standard","has-post-thumbnail","hentry","category-externe","tag-aliati-americii","tag-ambasada-usa","tag-bucuresti","tag-congresul-american","tag-jeanne-shaheen","tag-piloti-f-16","tag-romania","tag-senatoare"],"_links":{"self":[{"href":"https:\/\/www.newsrecorder.ro\/app\/wp-json\/wp\/v2\/posts\/3478","targetHints":{"allow":["GET"]}}],"collection":[{"href":"https:\/\/www.newsrecorder.ro\/app\/wp-json\/wp\/v2\/posts"}],"about":[{"href":"https:\/\/www.newsrecorder.ro\/app\/wp-json\/wp\/v2\/types\/post"}],"author":[{"embeddable":true,"href":"https:\/\/www.newsrecorder.ro\/app\/wp-json\/wp\/v2\/users\/2"}],"replies":[{"embeddable":true,"href":"https:\/\/www.newsrecorder.ro\/app\/wp-json\/wp\/v2\/comments?post=3478"}],"version-history":[{"count":0,"href":"https:\/\/www.newsrecorder.ro\/app\/wp-json\/wp\/v2\/posts\/3478\/revisions"}],"wp:featuredmedia":[{"embeddable":true,"href":"https:\/\/www.newsrecorder.ro\/app\/wp-json\/wp\/v2\/media\/3479"}],"wp:attachment":[{"href":"https:\/\/www.newsrecorder.ro\/app\/wp-json\/wp\/v2\/media?parent=3478"}],"wp:term":[{"taxonomy":"category","embeddable":true,"href":"https:\/\/www.newsrecorder.ro\/app\/wp-json\/wp\/v2\/categories?post=3478"},{"taxonomy":"post_tag","embeddable":true,"href":"https:\/\/www.newsrecorder.ro\/app\/wp-json\/wp\/v2\/tags?post=3478"}],"curies":[{"name":"wp","href":"https:\/\/api.w.org\/{rel}","templated":true}]}}