{"id":3486,"date":"2026-02-17T00:40:01","date_gmt":"2026-02-17T00:40:01","guid":{"rendered":"https:\/\/www.newsrecorder.ro\/app\/2026\/02\/17\/energia-electrica-se-va-ieftini-in-2026-detalii-de-la-ministrul-ivan\/"},"modified":"2026-02-17T00:40:01","modified_gmt":"2026-02-17T00:40:01","slug":"energia-electrica-se-va-ieftini-in-2026-detalii-de-la-ministrul-ivan","status":"publish","type":"post","link":"https:\/\/www.newsrecorder.ro\/app\/2026\/02\/17\/energia-electrica-se-va-ieftini-in-2026-detalii-de-la-ministrul-ivan\/","title":{"rendered":"Energia electric\u0103 se va ieftini \u00een 2026! Detalii de la ministrul Ivan"},"content":{"rendered":"<p>\u00cen cadrul unei interven\u021bii la A3CNN, ministrul Energiei a fost \u00eentrebat dac\u0103 rom\u00e2nii se pot a\u0219tepta la facturi mai mici la energie \u00een acest an. Acesta a subliniat c\u0103 autorit\u0103\u021bile analizeaz\u0103 cu aten\u021bie costurile de produc\u021bie, transport \u0219i stocare, dar \u0219i structura pie\u021bei de electricitate.<\/p>\n<p>Ministrul a men\u021bionat c\u0103 Rom\u00e2nia ar putea beneficia de reduceri semnificative dac\u0103 se corecteaz\u0103 disfunc\u021bionalit\u0103\u021bile recente identificate \u00een mecanismul de tranzac\u021bionare. El a eviden\u021biat o situa\u021bie alarmant\u0103: unele companii rom\u00e2ne\u0219ti cump\u0103r\u0103 energie din Germania la un pre\u021b mai mic dec\u00e2t cel disponibil pe pia\u021ba intern\u0103, ceea ce sugereaz\u0103 probleme structurale \u00een sistem.<\/p>\n<p>De asemenea, <strong>oficialul a adus \u00een discu\u021bie existen\u021ba unui \u201ecvasi-monopol\u201d pe platforma local\u0103 de tranzac\u021bionare, care contribuie la men\u021binerea pre\u021burilor mai ridicate dec\u00e2t media european\u0103<\/strong>. \u00cen acest context, guvernul are \u00een vedere facilitarea accesului Rom\u00e2niei la o platform\u0103 interna\u021bional\u0103 utilizat\u0103 \u00een Uniunea European\u0103, care a fost blocat\u0103 p\u00e2n\u0103 acum din motive administrative \u0219i de reglementare.<\/p>\n<p>Ministrul a declarat c\u0103, dac\u0103 aceste modific\u0103ri vor fi implementate \u0219i va exista voin\u021b\u0103 politic\u0103, este realist s\u0103 ne a\u0219tept\u0103m la o sc\u0103dere a tarifelor la energie \u0219i gaze. Scopul este de a reduce facturile consumatorilor \u0219i de a ne alinia la nivelurile europene.<\/p>\n<p>\u201ePrin optimizarea costurilor de produc\u021bie, transport \u0219i stocare a energiei electrice, putem atinge o sc\u0103dere de cel pu\u021bin 10%\u201315% \u00een perioada urm\u0103toare. Am descoperit, \u00eempreun\u0103 cu colegii mei, s\u0103pt\u0103m\u00e2na trecut\u0103, un aspect important. Pe pia\u021ba de energie din Rom\u00e2nia exist\u0103 un fel de monopol care determin\u0103 pre\u021buri cu 9,5% mai mari dec\u00e2t pe o platform\u0103 utilizat\u0103 \u00een \u00eentreaga Uniune European\u0103. Ast\u0103zi, companii din Rom\u00e2nia cump\u0103r\u0103 energie din Germania, de exemplu, cu aproximativ 10% mai ieftin\u0103 dec\u00e2t cea disponibil\u0103 pe pia\u021ba local\u0103\u201d, a explicat el.<\/p>\n<p>\u00cen mod surprinz\u0103tor, <a href=\"https:\/\/www.mediafax.ro\/politic\/bogdan-ivan-romania-duce-lipsa-de-aproape-7-000-de-megavati-care-au-fost-scosi-din-productie-23687764\">aceast\u0103 platform\u0103 interna\u021bional\u0103 nu poate func\u021biona \u00een Rom\u00e2nia din cauza unor interpret\u0103ri administrative care sugereaz\u0103 neconformitatea cu anumite reglement\u0103ri \u0219i legi<\/a>. Am primit aceast\u0103 informa\u021bie s\u0103pt\u0103m\u00e2na trecut\u0103 \u0219i lucrez pentru ca Rom\u00e2nia s\u0103 devin\u0103 parte integrant\u0103 a acestei pie\u021be. Dac\u0103 ne concentr\u0103m doar pe acest aspect, o sc\u0103dere de aproximativ 9% a pre\u021bului pe pia\u021b\u0103 este posibil\u0103.<\/p>\n<p>\u201eCu bun\u0103 credin\u021b\u0103, organizare ferm\u0103 \u0219i voin\u021b\u0103 politic\u0103 din partea at\u00e2t a coali\u021biei, c\u00e2t \u0219i a opozi\u021biei, sunt convins c\u0103 putem reduce pre\u021burile la energie \u0219i gaze. \u00cemi asum responsabilitatea de a face tot ce \u00eemi st\u0103 \u00een putin\u021b\u0103 \u00een aceast\u0103 direc\u021bie, astfel \u00eenc\u00e2t rom\u00e2nii s\u0103 nu mai pl\u0103teasc\u0103 printre cele mai mari tarife la energie din Uniunea European\u0103\u201d, a concluzionat Ivan.<\/p>\n","protected":false},"excerpt":{"rendered":"<p>\u00cen cadrul unei interven\u021bii la A3CNN, ministrul Energiei a fost \u00eentrebat dac\u0103 rom\u00e2nii se pot a\u0219tepta la facturi mai mici la energie \u00een acest an. Acesta a subliniat c\u0103 autorit\u0103\u021bile analizeaz\u0103 cu aten\u021bie costurile de produc\u021bie, transport \u0219i stocare, dar \u0219i structura pie\u021bei de electricitate. Ministrul a men\u021bionat c\u0103 Rom\u00e2nia ar putea beneficia de reduceri [&hellip;]<\/p>\n","protected":false},"author":4,"featured_media":3487,"comment_status":"open","ping_status":"open","sticky":false,"template":"","format":"standard","meta":{"jnews-multi-image_gallery":[],"jnews_single_post":[],"jnews_primary_category":[],"jnews_override_counter":[],"footnotes":""},"categories":[40],"tags":[779,191,3218,5631,535,782,149,1919],"class_list":["post-3486","post","type-post","status-publish","format-standard","has-post-thumbnail","hentry","category-econonie","tag-costuri","tag-energie","tag-facturi","tag-monopol","tag-preturi","tag-productie","tag-romania","tag-tranzactionare"],"_links":{"self":[{"href":"https:\/\/www.newsrecorder.ro\/app\/wp-json\/wp\/v2\/posts\/3486","targetHints":{"allow":["GET"]}}],"collection":[{"href":"https:\/\/www.newsrecorder.ro\/app\/wp-json\/wp\/v2\/posts"}],"about":[{"href":"https:\/\/www.newsrecorder.ro\/app\/wp-json\/wp\/v2\/types\/post"}],"author":[{"embeddable":true,"href":"https:\/\/www.newsrecorder.ro\/app\/wp-json\/wp\/v2\/users\/4"}],"replies":[{"embeddable":true,"href":"https:\/\/www.newsrecorder.ro\/app\/wp-json\/wp\/v2\/comments?post=3486"}],"version-history":[{"count":0,"href":"https:\/\/www.newsrecorder.ro\/app\/wp-json\/wp\/v2\/posts\/3486\/revisions"}],"wp:featuredmedia":[{"embeddable":true,"href":"https:\/\/www.newsrecorder.ro\/app\/wp-json\/wp\/v2\/media\/3487"}],"wp:attachment":[{"href":"https:\/\/www.newsrecorder.ro\/app\/wp-json\/wp\/v2\/media?parent=3486"}],"wp:term":[{"taxonomy":"category","embeddable":true,"href":"https:\/\/www.newsrecorder.ro\/app\/wp-json\/wp\/v2\/categories?post=3486"},{"taxonomy":"post_tag","embeddable":true,"href":"https:\/\/www.newsrecorder.ro\/app\/wp-json\/wp\/v2\/tags?post=3486"}],"curies":[{"name":"wp","href":"https:\/\/api.w.org\/{rel}","templated":true}]}}