{"id":3488,"date":"2026-02-17T00:40:20","date_gmt":"2026-02-17T00:40:20","guid":{"rendered":"https:\/\/www.newsrecorder.ro\/app\/2026\/02\/17\/coruptie-in-crestere-tarile-care-ne-au-depasit-pe-romania\/"},"modified":"2026-02-17T00:40:20","modified_gmt":"2026-02-17T00:40:20","slug":"coruptie-in-crestere-tarile-care-ne-au-depasit-pe-romania","status":"publish","type":"post","link":"https:\/\/www.newsrecorder.ro\/app\/2026\/02\/17\/coruptie-in-crestere-tarile-care-ne-au-depasit-pe-romania\/","title":{"rendered":"Corup\u021bie \u00een cre\u0219tere: \u021a\u0103rile care ne-au dep\u0103\u0219it pe Rom\u00e2nia!"},"content":{"rendered":"<p>Ineficien\u021ba sistemului judiciar este un factor esen\u021bial care contribuie la pozi\u021bia extrem de defavorabil\u0103 a Bosniei \u0219i Her\u021begovinei \u00een clasamentele de percep\u021bie a corup\u021biei. Potrivit unei analize realizate de <a href=\"https:\/\/sarajevotimes.com\/bosnia-and-herzegovina-among-the-worst-in-europe-for-corruption-perception\/\" target=\"_blank\" rel=\"noopener\">Sarajevotimes<\/a>, cercet\u0103rile sugereaz\u0103 o lips\u0103 total\u0103 de ac\u021biune \u00een ceea ce prive\u0219te urm\u0103rirea penal\u0103 a cazurilor de corup\u021bie de rang \u00eenalt.<\/p>\n<p>Edo Kanli\u0107, reprezentant al Transparency International BiH, a declarat: \u201eNu exist\u0103 o voin\u021b\u0103 politic\u0103 real\u0103 de a implementa reforme necesare \u00een justi\u021bie, iar rezultatele activit\u0103\u021bilor acesteia sunt inexistente. Urm\u0103rirea penal\u0103 r\u0103m\u00e2ne selectiv\u0103, iar \u00een ultimul an nu s-au \u00eenregistrat rechizitorii sau condamn\u0103ri \u00een cazurile de corup\u021bie de rang \u00eenalt.\u201d<\/p>\n<p>Kanli\u0107 a eviden\u021biat faptul c\u0103 deciden\u021bii politici din Bosnia \u0219i Her\u021begovina continu\u0103 s\u0103 men\u021bin\u0103 mecanisme care permit controlul politic asupra sistemului judiciar, ceea ce submineaz\u0103 eforturile de combatere a corup\u021biei. Din cauza lipsei de ac\u021biune \u00een cazurile \u00een care corup\u021bia le aduce beneficii materiale politicienilor sau le blocheaz\u0103 func\u021bionarea, niciun oficial de rang \u00eenalt nu a fost condamnat. \u00cen schimb, au fost ini\u021biate proceduri \u00eempotriva membrilor sistemului judiciar.<\/p>\n<p>\u201eAm avut mai multe cazuri semnificative implic\u00e2nd persoane din justi\u021bie, inclusiv pre\u0219edintele Cur\u021bii din Bosnia \u0219i Her\u021begovina \u0219i procurori. Recent, au fost solicitate demiterea unor procurori. Consider\u0103m c\u0103 este momentul s\u0103 redeschidem discu\u021bia despre starea general\u0103 a sistemului judiciar,\u201d a ad\u0103ugat Kanli\u0107.<\/p>\n<p>Comisia European\u0103 a semnalat \u00een mod constant deficien\u021bele din acest sistem \u00een rapoartele sale. Investiga\u021biile realizate de jurnali\u0219tii de la Detektor au dezv\u0103luit c\u0103 nou\u0103 titulari de func\u021bii judiciare sunt \u00een prezent suspenda\u021bi din cauza unor proceduri penale sau disciplinare. De\u0219i suspenda\u021bi, <strong>ace\u0219tia continu\u0103 s\u0103 primeasc\u0103 salarii conform legii<\/strong>, ceea ce cost\u0103 statul aproximativ dou\u0103 milioane de m\u0103rci convertibile anual.<\/p>\n<p>\u201eConform <strong>Legii salariz\u0103rii, judec\u0103torii \u0219i procurorii au dreptul s\u0103 primeasc\u0103 salariul chiar \u0219i \u00een timpul suspend\u0103rii<\/strong>. Aceasta este o prerogativ\u0103 legal\u0103. Problema const\u0103 \u00een durata \u0219i ineficien\u021ba acestor proceduri. Avem exemple de doi procurori care sunt suspenda\u021bi din 2016, iar cazurile lor sunt \u00eenc\u0103 \u00een desf\u0103\u0219urare,\u201d a explicat jurnalista Emina Dizdarevi\u0107 Tahmi\u0161\u010dija.<\/p>\n<p>Comisia European\u0103 a subliniat \u00een mod repetat aceste deficien\u021be, eviden\u021biind lipsa progreselor concrete \u00een combaterea corup\u021biei sistemice. Absen\u021ba unei reforme judiciare cuprinz\u0103toare \u0219i incapacitatea de a aplica legile deja existente au dus la avertismente privind apropierea Bosniei \u0219i Her\u021begovinei de un prag asociat regimurilor nedemocratice, amplific\u00e2nd \u00eengrijor\u0103rile legate de statul de drept \u0219i parcursul european al \u021b\u0103rii.<\/p>\n<p>\u00cen acest context, Rom\u00e2nia a ob\u021binut 45 de puncte din 100 \u00een <strong>Corruption Perceptions Index 2025<\/strong>, unde 0 reprezint\u0103 \u201efoarte corupt\u201d \u0219i 100 \u201efoarte curat\u201d. Acest scor este sub media Uniunii Europene, care se situeaz\u0103 la 62 de puncte.<\/p>\n","protected":false},"excerpt":{"rendered":"<p>Ineficien\u021ba sistemului judiciar este un factor esen\u021bial care contribuie la pozi\u021bia extrem de defavorabil\u0103 a Bosniei \u0219i Her\u021begovinei \u00een clasamentele de percep\u021bie a corup\u021biei. Potrivit unei analize realizate de Sarajevotimes, cercet\u0103rile sugereaz\u0103 o lips\u0103 total\u0103 de ac\u021biune \u00een ceea ce prive\u0219te urm\u0103rirea penal\u0103 a cazurilor de corup\u021bie de rang \u00eenalt. Edo Kanli\u0107, reprezentant al Transparency [&hellip;]<\/p>\n","protected":false},"author":4,"featured_media":3489,"comment_status":"open","ping_status":"open","sticky":false,"template":"","format":"standard","meta":{"jnews-multi-image_gallery":[],"jnews_single_post":[],"jnews_primary_category":[],"jnews_override_counter":[],"footnotes":""},"categories":[40],"tags":[4532,1076,5632,5637,5634,5633,5636,5635],"class_list":["post-3488","post","type-post","status-publish","format-standard","has-post-thumbnail","hentry","category-econonie","tag-bosnia-si-hertegovina","tag-coruptie","tag-ineficienta-judiciara","tag-mecanisme-de-control","tag-reforme-in-justitie","tag-transparenta-internationala","tag-urmarire-penala","tag-vointa-politica"],"_links":{"self":[{"href":"https:\/\/www.newsrecorder.ro\/app\/wp-json\/wp\/v2\/posts\/3488","targetHints":{"allow":["GET"]}}],"collection":[{"href":"https:\/\/www.newsrecorder.ro\/app\/wp-json\/wp\/v2\/posts"}],"about":[{"href":"https:\/\/www.newsrecorder.ro\/app\/wp-json\/wp\/v2\/types\/post"}],"author":[{"embeddable":true,"href":"https:\/\/www.newsrecorder.ro\/app\/wp-json\/wp\/v2\/users\/4"}],"replies":[{"embeddable":true,"href":"https:\/\/www.newsrecorder.ro\/app\/wp-json\/wp\/v2\/comments?post=3488"}],"version-history":[{"count":0,"href":"https:\/\/www.newsrecorder.ro\/app\/wp-json\/wp\/v2\/posts\/3488\/revisions"}],"wp:featuredmedia":[{"embeddable":true,"href":"https:\/\/www.newsrecorder.ro\/app\/wp-json\/wp\/v2\/media\/3489"}],"wp:attachment":[{"href":"https:\/\/www.newsrecorder.ro\/app\/wp-json\/wp\/v2\/media?parent=3488"}],"wp:term":[{"taxonomy":"category","embeddable":true,"href":"https:\/\/www.newsrecorder.ro\/app\/wp-json\/wp\/v2\/categories?post=3488"},{"taxonomy":"post_tag","embeddable":true,"href":"https:\/\/www.newsrecorder.ro\/app\/wp-json\/wp\/v2\/tags?post=3488"}],"curies":[{"name":"wp","href":"https:\/\/api.w.org\/{rel}","templated":true}]}}