{"id":3502,"date":"2026-02-17T10:57:53","date_gmt":"2026-02-17T10:57:53","guid":{"rendered":"https:\/\/www.newsrecorder.ro\/app\/2026\/02\/17\/iuliana-demetrescu-arbitru-la-duelul-epic-real-madrid-paris-fc\/"},"modified":"2026-02-17T10:57:53","modified_gmt":"2026-02-17T10:57:53","slug":"iuliana-demetrescu-arbitru-la-duelul-epic-real-madrid-paris-fc","status":"publish","type":"post","link":"https:\/\/www.newsrecorder.ro\/app\/2026\/02\/17\/iuliana-demetrescu-arbitru-la-duelul-epic-real-madrid-paris-fc\/","title":{"rendered":"Iuliana Demetrescu, arbitru la duelul epic Real Madrid \u2013 Paris FC!"},"content":{"rendered":"<p>Meciul ce se va desf\u0103\u0219ura sub conducerea Iulianei Demetrescu este programat pentru miercuri, \u00eencep\u00e2nd cu ora 19:45, pe \u201eEstadio Alfredo Di St\u00e9fano\u201d din Madrid.<\/p>\n<p>\u00cen prima \u00eent\u00e2lnire, Real Madrid a ob\u021binut o victorie str\u00e2ns\u0103, \u00eenregistr\u00e2nd un scor de 3-2 \u00een fa\u021ba echipei Paris FC, \u00een Fran\u021ba. Golurile madrilenelor au fost marcate de Caroline Weir, Athenea del Castillo \u0219i Linda Caicedo, \u00een timp ce pentru Paris FC s-au eviden\u021biat Kaja Korosec \u0219i Maeline Mendy.<\/p>\n<p>Numirea Iulianei Demetrescu pentru acest meci vine la o s\u0103pt\u0103m\u00e2n\u0103 dup\u0103 ce a arbitrat partida OH Leuven \u2013 Arsenal, tot \u00een prima man\u0219\u0103 a acelea\u0219i etape a competi\u021biei.<\/p>\n<p>\u00cen acea \u00eent\u00e2lnire, Iuliana a avut-o al\u0103turi pe Bianca Florea \u0219i Roxana Ivanov ca asistente, iar \u00een camera VAR au fost prezen\u021bi Sebastian Col\u021bescu \u0219i Adrian Costreie.<\/p>\n<p>Pentru confruntarea de la Madrid, brigada de arbitri va fi una interna\u021bional\u0103. Iuliana Demetrescu va fi ajutat\u0103 de Bianca Diana Florea \u0219i Almira Spahic din Suedia, \u00een timp ce rolul de al patrulea oficial \u00eei revine Karolinei Marie Jensen din Norvegia.<\/p>\n<p>\u00cen camera VAR, vor activa Tom Harald Hagen \u0219i Emilie Torkelsen, ambii din Norvegia. Observatorul UEFA pentru arbitri va fi Knarik Grigoryan din Armenia, iar delegatul UEFA este Anne Rei din Estonia.<\/p>\n","protected":false},"excerpt":{"rendered":"<p>Meciul ce se va desf\u0103\u0219ura sub conducerea Iulianei Demetrescu este programat pentru miercuri, \u00eencep\u00e2nd cu ora 19:45, pe \u201eEstadio Alfredo Di St\u00e9fano\u201d din Madrid. \u00cen prima \u00eent\u00e2lnire, Real Madrid a ob\u021binut o victorie str\u00e2ns\u0103, \u00eenregistr\u00e2nd un scor de 3-2 \u00een fa\u021ba echipei Paris FC, \u00een Fran\u021ba. Golurile madrilenelor au fost marcate de Caroline Weir, Athenea [&hellip;]<\/p>\n","protected":false},"author":6,"featured_media":3503,"comment_status":"open","ping_status":"open","sticky":false,"template":"","format":"standard","meta":{"jnews-multi-image_gallery":[],"jnews_single_post":[],"jnews_primary_category":[],"jnews_override_counter":[],"footnotes":""},"categories":[46],"tags":[1240,56,1507,1239,57,5654,1395,1111],"class_list":["post-3502","post","type-post","status-publish","format-standard","has-post-thumbnail","hentry","category-sport","tag-arbitraj","tag-competitie","tag-goluri","tag-iuliana-demetrescu","tag-meci","tag-paris-fc","tag-real-madrid","tag-scor"],"_links":{"self":[{"href":"https:\/\/www.newsrecorder.ro\/app\/wp-json\/wp\/v2\/posts\/3502","targetHints":{"allow":["GET"]}}],"collection":[{"href":"https:\/\/www.newsrecorder.ro\/app\/wp-json\/wp\/v2\/posts"}],"about":[{"href":"https:\/\/www.newsrecorder.ro\/app\/wp-json\/wp\/v2\/types\/post"}],"author":[{"embeddable":true,"href":"https:\/\/www.newsrecorder.ro\/app\/wp-json\/wp\/v2\/users\/6"}],"replies":[{"embeddable":true,"href":"https:\/\/www.newsrecorder.ro\/app\/wp-json\/wp\/v2\/comments?post=3502"}],"version-history":[{"count":0,"href":"https:\/\/www.newsrecorder.ro\/app\/wp-json\/wp\/v2\/posts\/3502\/revisions"}],"wp:featuredmedia":[{"embeddable":true,"href":"https:\/\/www.newsrecorder.ro\/app\/wp-json\/wp\/v2\/media\/3503"}],"wp:attachment":[{"href":"https:\/\/www.newsrecorder.ro\/app\/wp-json\/wp\/v2\/media?parent=3502"}],"wp:term":[{"taxonomy":"category","embeddable":true,"href":"https:\/\/www.newsrecorder.ro\/app\/wp-json\/wp\/v2\/categories?post=3502"},{"taxonomy":"post_tag","embeddable":true,"href":"https:\/\/www.newsrecorder.ro\/app\/wp-json\/wp\/v2\/tags?post=3502"}],"curies":[{"name":"wp","href":"https:\/\/api.w.org\/{rel}","templated":true}]}}