{"id":3522,"date":"2026-02-17T11:01:36","date_gmt":"2026-02-17T11:01:36","guid":{"rendered":"https:\/\/www.newsrecorder.ro\/app\/2026\/02\/17\/uraganul-de-iarna-din-anadir-oamenii-maturati-de-vantul-apocaliptic\/"},"modified":"2026-02-17T11:01:36","modified_gmt":"2026-02-17T11:01:36","slug":"uraganul-de-iarna-din-anadir-oamenii-maturati-de-vantul-apocaliptic","status":"publish","type":"post","link":"https:\/\/www.newsrecorder.ro\/app\/2026\/02\/17\/uraganul-de-iarna-din-anadir-oamenii-maturati-de-vantul-apocaliptic\/","title":{"rendered":"Uraganul de iarn\u0103 din Anad\u00eer: Oamenii \u201em\u0103tura\u021bi\u201d de v\u00e2ntul apocaliptic"},"content":{"rendered":"<p class=\"p1\">Conform informa\u021biilor furnizate de mass-media, v\u00e2ntul a atins intensitatea unui uragan, f\u0103c\u00e2nd dificil\u0103 deplasarea pe str\u0103zi. Multe persoane au fost surprinse \u00een imagini, ag\u0103\u021b\u00e2ndu-se de st\u00e2lpii de \u00eenalt\u0103 tensiune pentru a nu fi \u201em\u0103turate\u201d de rafalele extrem de puternice.<\/p>\n<p class=\"p1\">Rafalele de v\u00e2nt, combinate cu ninsoare, au \u00eenregistrat viteze de p\u00e2n\u0103 la 50 de metri pe secund\u0103, gener\u00e2nd o situa\u021bie alarmant\u0103.<\/p>\n<p class=\"p1\">\u00cen urma acestor condi\u021bii meteorologice severe, cursurile de dup\u0103-amiaz\u0103 au fost suspendate, iar transportul public a fost oprit. Autorit\u0103\u021bile locale au recomandat cet\u0103\u021benilor s\u0103 evite ie\u0219irile \u00een afar\u0103, cu excep\u021bia cazurilor de strict\u0103 necesitate, \u0219i s\u0103 stea departe de structurile instabile.<\/p>\n<p class=\"p1\">Primarul ora\u0219ului Anad\u00eer, Sergei Spitsyn, a lansat un apel c\u0103tre popula\u021bie, subliniind c\u0103 v\u00e2ntul a dep\u0103\u0219it viteza de 40 m\/s. El a declarat: \u201eAst\u0103zi, o furtun\u0103 de o intensitate rar\u0103 ne-a lovit, ceea ce nu s-a mai \u00eent\u00e2mplat de mult timp.\u201d<\/p>\n<p class=\"p1\">Primarul a ad\u0103ugat c\u0103 s-a aflat la fa\u021ba locului pentru a evalua situa\u021bia. \u201eAm colaborat cu reprezentan\u021bii organiza\u021biilor de \u00eentre\u021binere pentru a inspecta cl\u0103dirile sociale \u0219i reziden\u021biale. Am constatat daune semnificative cauzate de acest fenomen natural, inclusiv p\u0103r\u021bi smulse din acoperi\u0219uri \u0219i fa\u021bade. Este crucial s\u0103 efectu\u0103m inspec\u021bii \u0219i s\u0103 estim\u0103m lucr\u0103rile necesare pentru repara\u021bii rapide.\u201d<\/p>\n<p class=\"p1\">\u201eContinu\u0103m s\u0103 colabor\u0103m cu echipele de interven\u021bie \u0219i cu \u0219efii serviciilor comunale. Datorit\u0103 vizibilit\u0103\u021bii reduse pe drumuri, am reu\u0219it s\u0103 livr\u0103m p\u00e2ine proasp\u0103t\u0103 de la combinatul alimentar \u201ePolar\u201d la liceul din regiune, la colegiul multidisciplinar \u0219i locuitorilor celei mai afectate cl\u0103diri de pe strada Partizanskaya 7, precum \u0219i celor din Tavayvaam, unde accesul a fost cel mai dificil\u201d, a explicat primarul.<\/p>\n<p class=\"p1\">Datorit\u0103 eforturilor angaja\u021bilor Companiei de Transport din Anad\u00eer, care au utilizat utilaje grele, drumul spre Tavayvaam a fost redeschis. Printre cei care au beneficiat de livrarea de p\u00e2ine s-au num\u0103rat v\u00e2rstnici, familii numeroase, persoane cu venituri reduse \u0219i familiile celor care au participat la R\u0103zboiul din Ucraina.<\/p>\n<p class=\"p1\">\u201eSuntem con\u0219tien\u021bi de responsabilitatea pe care o avem fa\u021b\u0103 de locuitorii ora\u0219ului \u0219i facem tot ce ne st\u0103 \u00een putin\u021b\u0103 pentru a oferi asisten\u021b\u0103 rapid\u0103 fiec\u0103rei persoane aflate \u00een dificultate\u201d, a concluzionat primarul. <\/p>\n","protected":false},"excerpt":{"rendered":"<p>Conform informa\u021biilor furnizate de mass-media, v\u00e2ntul a atins intensitatea unui uragan, f\u0103c\u00e2nd dificil\u0103 deplasarea pe str\u0103zi. Multe persoane au fost surprinse \u00een imagini, ag\u0103\u021b\u00e2ndu-se de st\u00e2lpii de \u00eenalt\u0103 tensiune pentru a nu fi \u201em\u0103turate\u201d de rafalele extrem de puternice. Rafalele de v\u00e2nt, combinate cu ninsoare, au \u00eenregistrat viteze de p\u00e2n\u0103 la 50 de metri pe [&hellip;]<\/p>\n","protected":false},"author":5,"featured_media":3523,"comment_status":"open","ping_status":"open","sticky":false,"template":"","format":"standard","meta":{"jnews-multi-image_gallery":[],"jnews_single_post":[],"jnews_primary_category":[],"jnews_override_counter":[],"footnotes":""},"categories":[45],"tags":[869,974,5681,743,5680,366,5679,137],"class_list":["post-3522","post","type-post","status-publish","format-standard","has-post-thumbnail","hentry","category-meteo","tag-autoritati-locale","tag-conditii-meteorologice","tag-furtuna","tag-ninsoare","tag-rafale","tag-transport-public","tag-uragan","tag-vant"],"_links":{"self":[{"href":"https:\/\/www.newsrecorder.ro\/app\/wp-json\/wp\/v2\/posts\/3522","targetHints":{"allow":["GET"]}}],"collection":[{"href":"https:\/\/www.newsrecorder.ro\/app\/wp-json\/wp\/v2\/posts"}],"about":[{"href":"https:\/\/www.newsrecorder.ro\/app\/wp-json\/wp\/v2\/types\/post"}],"author":[{"embeddable":true,"href":"https:\/\/www.newsrecorder.ro\/app\/wp-json\/wp\/v2\/users\/5"}],"replies":[{"embeddable":true,"href":"https:\/\/www.newsrecorder.ro\/app\/wp-json\/wp\/v2\/comments?post=3522"}],"version-history":[{"count":0,"href":"https:\/\/www.newsrecorder.ro\/app\/wp-json\/wp\/v2\/posts\/3522\/revisions"}],"wp:featuredmedia":[{"embeddable":true,"href":"https:\/\/www.newsrecorder.ro\/app\/wp-json\/wp\/v2\/media\/3523"}],"wp:attachment":[{"href":"https:\/\/www.newsrecorder.ro\/app\/wp-json\/wp\/v2\/media?parent=3522"}],"wp:term":[{"taxonomy":"category","embeddable":true,"href":"https:\/\/www.newsrecorder.ro\/app\/wp-json\/wp\/v2\/categories?post=3522"},{"taxonomy":"post_tag","embeddable":true,"href":"https:\/\/www.newsrecorder.ro\/app\/wp-json\/wp\/v2\/tags?post=3522"}],"curies":[{"name":"wp","href":"https:\/\/api.w.org\/{rel}","templated":true}]}}