{"id":3524,"date":"2026-02-17T11:01:58","date_gmt":"2026-02-17T11:01:58","guid":{"rendered":"https:\/\/www.newsrecorder.ro\/app\/2026\/02\/17\/martie-aduce-o-schimbare-radicala-de-vreme-cine-va-resimti-cel-mai-mult\/"},"modified":"2026-02-17T11:01:58","modified_gmt":"2026-02-17T11:01:58","slug":"martie-aduce-o-schimbare-radicala-de-vreme-cine-va-resimti-cel-mai-mult","status":"publish","type":"post","link":"https:\/\/www.newsrecorder.ro\/app\/2026\/02\/17\/martie-aduce-o-schimbare-radicala-de-vreme-cine-va-resimti-cel-mai-mult\/","title":{"rendered":"Martie aduce o schimbare radical\u0103 de vreme: cine va resim\u021bi cel mai mult?"},"content":{"rendered":"<p class=\"font-claude-response-body break-words whitespace-normal leading-[1.7]\">\u00cen perioada 16 &#8211; 23 februarie, regiunile estice ale \u021b\u0103rii vor experimenta valori termice mai sc\u0103zute dec\u00e2t cele obi\u015fnuite pentru aceast\u0103 s\u0103pt\u0103m\u00e2n\u0103. \u00cen restul teritoriului, temperaturile se vor men\u021bine \u00een limitele normale.<\/p>\n<p class=\"font-claude-response-body break-words whitespace-normal leading-[1.7]\">De asemenea, regimul de precipita\u021bii va fi deficitar la nivel na\u021bional, cu o lips\u0103 acut\u0103 de ploi resim\u021bit\u0103 \u00een special \u00een sud-estul Rom\u00e2niei.<\/p>\n<p class=\"font-claude-response-body break-words whitespace-normal leading-[1.7]\">\u00centre 23 februarie \u0219i 2 martie, se preconizeaz\u0103 o u\u0219oar\u0103 cre\u0219tere a temperaturilor medii, care vor dep\u0103\u0219i valorile normale \u00een majoritatea regiunilor. \u00cenc\u0103lzirea va fi mai pronun\u021bat\u0103 \u00een zonele sudice ale \u021b\u0103rii.<\/p>\n<p class=\"font-claude-response-body break-words whitespace-normal leading-[1.7]\">\u00cen ceea ce prive\u0219te precipita\u021biile, se estimeaz\u0103 c\u0103 \u00een regiunile vestice, nord-vestice \u0219i centrale acestea vor fi excedentare, \u00een timp ce \u00een celelalte zone valorile vor fi apropiate de normele climatologice.<\/p>\n<p class=\"font-claude-response-body break-words whitespace-normal leading-[1.7]\">S\u0103pt\u0103m\u00e2na 2-9 martie va aduce temperaturi medii u\u0219or mai ridicate dec\u00e2t cele normale, semn c\u0103 prim\u0103vara meteorologic\u0103 \u00ee\u0219i face sim\u021bit\u0103 prezen\u021ba \u00een majoritatea teritoriului.<\/p>\n<p class=\"font-claude-response-body break-words whitespace-normal leading-[1.7]\">Regimul pluviometric se va men\u021bine aproape de norm\u0103, f\u0103r\u0103 a anticipa excese de precipita\u021bii sau perioade de secet\u0103.<\/p>\n<p class=\"font-claude-response-body break-words whitespace-normal leading-[1.7]\">Pentru s\u0103pt\u0103m\u00e2na 9-16 martie, se estimeaz\u0103 c\u0103 valorile termice vor fi u\u0219or peste cele specifice, ceea ce va favoriza desf\u0103\u0219urarea de activit\u0103\u021bi \u00een aer liber.<\/p>\n<p class=\"font-claude-response-body break-words whitespace-normal leading-[1.7]\">Cantit\u0103\u021bile de precipita\u021bii se vor men\u021bine \u00een limitele normale, contribuind la un echilibru termic \u0219i pluviometric care va crea condi\u021bii ideale pentru debutul prim\u0103verii.<\/p>\n","protected":false},"excerpt":{"rendered":"<p>\u00cen perioada 16 &#8211; 23 februarie, regiunile estice ale \u021b\u0103rii vor experimenta valori termice mai sc\u0103zute dec\u00e2t cele obi\u015fnuite pentru aceast\u0103 s\u0103pt\u0103m\u00e2n\u0103. \u00cen restul teritoriului, temperaturile se vor men\u021bine \u00een limitele normale. De asemenea, regimul de precipita\u021bii va fi deficitar la nivel na\u021bional, cu o lips\u0103 acut\u0103 de ploi resim\u021bit\u0103 \u00een special \u00een sud-estul Rom\u00e2niei. [&hellip;]<\/p>\n","protected":false},"author":5,"featured_media":3525,"comment_status":"open","ping_status":"open","sticky":false,"template":"","format":"standard","meta":{"jnews-multi-image_gallery":[],"jnews_single_post":[],"jnews_primary_category":[],"jnews_override_counter":[],"footnotes":""},"categories":[45],"tags":[5682,135,3233,149,5683,1559,126,125],"class_list":["post-3524","post","type-post","status-publish","format-standard","has-post-thumbnail","hentry","category-meteo","tag-est","tag-precipitatii","tag-primavara","tag-romania","tag-sud","tag-sud-est","tag-temperaturi","tag-vreme"],"_links":{"self":[{"href":"https:\/\/www.newsrecorder.ro\/app\/wp-json\/wp\/v2\/posts\/3524","targetHints":{"allow":["GET"]}}],"collection":[{"href":"https:\/\/www.newsrecorder.ro\/app\/wp-json\/wp\/v2\/posts"}],"about":[{"href":"https:\/\/www.newsrecorder.ro\/app\/wp-json\/wp\/v2\/types\/post"}],"author":[{"embeddable":true,"href":"https:\/\/www.newsrecorder.ro\/app\/wp-json\/wp\/v2\/users\/5"}],"replies":[{"embeddable":true,"href":"https:\/\/www.newsrecorder.ro\/app\/wp-json\/wp\/v2\/comments?post=3524"}],"version-history":[{"count":0,"href":"https:\/\/www.newsrecorder.ro\/app\/wp-json\/wp\/v2\/posts\/3524\/revisions"}],"wp:featuredmedia":[{"embeddable":true,"href":"https:\/\/www.newsrecorder.ro\/app\/wp-json\/wp\/v2\/media\/3525"}],"wp:attachment":[{"href":"https:\/\/www.newsrecorder.ro\/app\/wp-json\/wp\/v2\/media?parent=3524"}],"wp:term":[{"taxonomy":"category","embeddable":true,"href":"https:\/\/www.newsrecorder.ro\/app\/wp-json\/wp\/v2\/categories?post=3524"},{"taxonomy":"post_tag","embeddable":true,"href":"https:\/\/www.newsrecorder.ro\/app\/wp-json\/wp\/v2\/tags?post=3524"}],"curies":[{"name":"wp","href":"https:\/\/api.w.org\/{rel}","templated":true}]}}