{"id":3538,"date":"2026-02-17T12:18:01","date_gmt":"2026-02-17T12:18:01","guid":{"rendered":"https:\/\/www.newsrecorder.ro\/app\/2026\/02\/17\/mihai-fifor-ilie-bolojan-submineaza-moralul-militarilor\/"},"modified":"2026-02-17T12:18:01","modified_gmt":"2026-02-17T12:18:01","slug":"mihai-fifor-ilie-bolojan-submineaza-moralul-militarilor","status":"publish","type":"post","link":"https:\/\/www.newsrecorder.ro\/app\/2026\/02\/17\/mihai-fifor-ilie-bolojan-submineaza-moralul-militarilor\/","title":{"rendered":"Mihai Fifor: Ilie Bolojan submineaz\u0103 moralul militarilor!"},"content":{"rendered":"<p>Declara\u021biile lui Mihai Fifor vin \u00eentr-un moment crucial, av\u00e2nd \u00een vedere angajamentul Rom\u00e2niei, f\u0103cut \u00een cadrul summit-ului NATO de la Haga, de a cre\u0219te gradual bugetul ap\u0103r\u0103rii p\u00e2n\u0103 la 5% din PIB p\u00e2n\u0103 \u00een anul 2035. Dintre aceste fonduri, 3,5% vor fi aloca\u021bi cheltuielilor militare directe, iar 1,5% vor fi destina\u021bi securit\u0103\u021bii \u0219i rezilien\u021bei.<\/p>\n<p>\u00cen contextul necesit\u0103\u021bii de consolidare fiscal\u0103 \u0219i reducere a deficitului bugetar, au ap\u0103rut specula\u021bii referitoare la posibile ajust\u0103ri ale cheltuielilor, inclusiv \u00een r\u00e2ndul institu\u021biilor de for\u021b\u0103. \u00cen aceast\u0103 lumin\u0103, Mihai Fifor a avertizat c\u0103 se ia \u00een calcul o reducere a normei de hran\u0103 pentru militari.<\/p>\n<p><strong>Mihai Fifor: \u201eAbsolut aberant\u201d<\/strong><\/p>\n<p><a href=\"https:\/\/www.facebook.com\/mfifor\" target=\"_blank\" rel=\"noopener\">\u00centr-un mesaj publicat pe re\u021belele sociale<\/a>, Mihai Fifor a catalogat drept \u201eabsolut aberant\u0103\u201d orice discu\u021bie referitoare la t\u0103ieri de salarii, reduceri ale normelor de hran\u0103 sau disponibiliz\u0103ri \u00een cadrul Armatei, mai ales \u00een contextul conflictului militar de la grani\u021b\u0103 \u0219i al deficitului de personal din sistemul de ap\u0103rare.<\/p>\n<p>\u201eArmata Rom\u00e2niei se confrunt\u0103 \u00een continuare cu un deficit de personal. Este esen\u021bial s\u0103 implement\u0103m m\u0103suri ferme pentru \u00eembun\u0103t\u0103\u021birea calit\u0103\u021bii vie\u021bii militarului, inclusiv \u00een ceea ce prive\u0219te echiparea \u0219i \u00eenzestrarea\u201d, a subliniat fostul ministru al Ap\u0103r\u0103rii.<\/p>\n<p>Fifor consider\u0103 c\u0103 bugetul destinat ap\u0103r\u0103rii reprezint\u0103 o \u201ebul\u0103 financiar\u0103 asumat\u0103 la nivel aliat\u201d, iar \u00een cadrul acestuia, politica de ap\u0103rare trebuie s\u0103 fie construit\u0103 coerent, f\u0103r\u0103 \u201eimproviza\u021bii\u201d sau \u201et\u0103ieri haotice\u201d.<\/p>\n<p><strong>Impactul asupra moralului militarilor<\/strong><\/p>\n<p>Un aspect central al mesajului lui Fifor este legat de impactul poten\u021bial asupra moralului trupelor. El afirm\u0103 c\u0103 \u201eprincipala arm\u0103 a oric\u0103rei armate este moralul trupei\u201d, avertiz\u00e2nd c\u0103 incertitudinile legate de veniturile militarilor pot diminua capacitatea de reac\u021bie a for\u021belor armate.<\/p>\n<p>De asemenea, Fifor subliniaz\u0103 c\u0103 un militar preocupat de probleme financiare nu va putea s\u0103 fie \u201eun militar eficient\u201d. Discu\u021biile despre t\u0103ieri de fonduri \u0219i reduceri transmit un semnal negativ at\u00e2t \u00een interiorul Armatei, c\u00e2t \u0219i \u00een societate.<\/p>\n<p>\u00cen mesajul s\u0103u, Mihai Fifor introduce \u0219i o component\u0103 politic\u0103, acuz\u00e2ndu-l pe Ilie Bolojan de \u201einventivitate toxic\u0103\u201d \u0219i afirm\u00e2nd c\u0103 \u201esesiunile foto nu te fac ministru al Ap\u0103r\u0103rii\u201d, subliniind c\u0103 respectul \u0219i grija fa\u021b\u0103 de militari ar trebui s\u0103 fie priorit\u0103\u021bi esen\u021biale.<\/p>\n<p>Deputatul PSD adaug\u0103 c\u0103 zgomotul public \u0219i incertitudinile din jurul institu\u021biei militare pot fi la fel de periculoase ca \u201er\u0103zboiul hibrid\u201d, deoarece acestea vulnerabilizeaz\u0103 din interior <a href=\"https:\/\/www.mediafax.ro\/politic\/2000-de-militari-voluntari-vor-fi-prinsi-in-bugetul-pe-2026-23682583\" target=\"_blank\" rel=\"noopener\">o institu\u021bie esen\u021bial\u0103 pentru securitatea na\u021bional\u0103<\/a>.<\/p>\n","protected":false},"excerpt":{"rendered":"<p>Declara\u021biile lui Mihai Fifor vin \u00eentr-un moment crucial, av\u00e2nd \u00een vedere angajamentul Rom\u00e2niei, f\u0103cut \u00een cadrul summit-ului NATO de la Haga, de a cre\u0219te gradual bugetul ap\u0103r\u0103rii p\u00e2n\u0103 la 5% din PIB p\u00e2n\u0103 \u00een anul 2035. Dintre aceste fonduri, 3,5% vor fi aloca\u021bi cheltuielilor militare directe, iar 1,5% vor fi destina\u021bi securit\u0103\u021bii \u0219i rezilien\u021bei. \u00cen [&hellip;]<\/p>\n","protected":false},"author":2,"featured_media":3539,"comment_status":"open","ping_status":"open","sticky":false,"template":"","format":"standard","meta":{"jnews-multi-image_gallery":[],"jnews_single_post":[],"jnews_primary_category":[],"jnews_override_counter":[],"footnotes":""},"categories":[42],"tags":[4997,5699,5700,298,5701,1072,352,874],"class_list":["post-3538","post","type-post","status-publish","format-standard","has-post-thumbnail","hentry","category-politica","tag-armata-romana","tag-buget-apararii","tag-cheltuieli-militare","tag-deficit-bugetar","tag-fonduri-militare","tag-mihai-fifor","tag-nato","tag-securitate"],"_links":{"self":[{"href":"https:\/\/www.newsrecorder.ro\/app\/wp-json\/wp\/v2\/posts\/3538","targetHints":{"allow":["GET"]}}],"collection":[{"href":"https:\/\/www.newsrecorder.ro\/app\/wp-json\/wp\/v2\/posts"}],"about":[{"href":"https:\/\/www.newsrecorder.ro\/app\/wp-json\/wp\/v2\/types\/post"}],"author":[{"embeddable":true,"href":"https:\/\/www.newsrecorder.ro\/app\/wp-json\/wp\/v2\/users\/2"}],"replies":[{"embeddable":true,"href":"https:\/\/www.newsrecorder.ro\/app\/wp-json\/wp\/v2\/comments?post=3538"}],"version-history":[{"count":0,"href":"https:\/\/www.newsrecorder.ro\/app\/wp-json\/wp\/v2\/posts\/3538\/revisions"}],"wp:featuredmedia":[{"embeddable":true,"href":"https:\/\/www.newsrecorder.ro\/app\/wp-json\/wp\/v2\/media\/3539"}],"wp:attachment":[{"href":"https:\/\/www.newsrecorder.ro\/app\/wp-json\/wp\/v2\/media?parent=3538"}],"wp:term":[{"taxonomy":"category","embeddable":true,"href":"https:\/\/www.newsrecorder.ro\/app\/wp-json\/wp\/v2\/categories?post=3538"},{"taxonomy":"post_tag","embeddable":true,"href":"https:\/\/www.newsrecorder.ro\/app\/wp-json\/wp\/v2\/tags?post=3538"}],"curies":[{"name":"wp","href":"https:\/\/api.w.org\/{rel}","templated":true}]}}