{"id":3540,"date":"2026-02-17T12:18:32","date_gmt":"2026-02-17T12:18:32","guid":{"rendered":"https:\/\/www.newsrecorder.ro\/app\/2026\/02\/17\/romania-la-consiliul-pacii-ce-a-spus-nicusor-dan-despre-mandatul-sau\/"},"modified":"2026-02-17T12:18:32","modified_gmt":"2026-02-17T12:18:32","slug":"romania-la-consiliul-pacii-ce-a-spus-nicusor-dan-despre-mandatul-sau","status":"publish","type":"post","link":"https:\/\/www.newsrecorder.ro\/app\/2026\/02\/17\/romania-la-consiliul-pacii-ce-a-spus-nicusor-dan-despre-mandatul-sau\/","title":{"rendered":"Rom\u00e2nia la Consiliul P\u0103cii: Ce a spus Nicu\u0219or Dan despre mandatul s\u0103u"},"content":{"rendered":"<p>Organiza\u021bia Board of Peace se preg\u0103te\u0219te pentru prima sa \u00eent\u00e2lnire de lucru, iar Rom\u00e2nia a primit o invita\u021bie de a participa la aceast\u0103 \u0219edin\u021b\u0103. Nicu\u0219or Dan, primarul Capitalei, a subliniat importan\u021ba clarific\u0103rilor solicitate \u00een leg\u0103tur\u0103 cu rolul pe care \u00eel poate juca un stat non-membru, dar care \u00eemp\u0103rt\u0103\u0219e\u0219te viziunea organiza\u021biei.<\/p>\n<p>Dup\u0103 c\u00e2teva zile de discu\u021bii cu reprezentan\u021bii americani, pre\u0219edintele Rom\u00e2niei a definit clar ce \u00eenseamn\u0103 statutul de observator la aceast\u0103 reuniune. \u00cen opinia lui Nicu\u0219or Dan, participarea Rom\u00e2niei \u00een aceast\u0103 calitate este esen\u021bial\u0103 pentru \u021bar\u0103, conform declara\u021biilor f\u0103cute la Radio Rom\u00e2nia Actualit\u0103\u021bi.<\/p>\n<p>C\u00e2nd a fost \u00eentrebat ce implic\u0103 statutul de observator, Dan a explicat c\u0103 acesta ofer\u0103 oportunitatea de a avea un cuv\u00e2nt de spus \u0219i de a contribui la direc\u021bia de dezvoltare a organiza\u021biei. La aceast\u0103 prim\u0103 \u00eent\u00e2lnire a Consiliului P\u0103cii, discu\u021biile se vor axa exclusiv pe situa\u021bia din Gaza, dar se va recunoa\u0219te \u0219i interconexiunea dintre diferitele probleme interna\u021bionale.<\/p>\n<p>\u201eSuntem interesa\u021bi de un context interna\u021bional de pace \u00een toate regiunile lumii. Men\u021binem o rela\u021bie privilegiat\u0103 cu Statele Unite ale Americii, un aliat esen\u021bial pentru securitatea Rom\u00e2niei. Participarea noastr\u0103 la aceast\u0103 ini\u021biativ\u0103, ini\u021biat\u0103 de SUA, vizeaz\u0103 stabilizarea unei zone din Orientul Mijlociu, crucial\u0103 pentru economia global\u0103\u201d, a declarat Dan.<\/p>\n<p>Referitor la obiectivele pe care Rom\u00e2nia le urm\u0103re\u0219te \u00een cadrul acestei \u00eent\u00e2lniri, Nicu\u0219or Dan a men\u021bionat existen\u021ba unui acord de \u00eencetare a focului \u0219i a unei rezolu\u021bii a ONU, care stabilesc direc\u021bii pentru viitorul Gazei \u0219i al regiunii. \u201eNe \u00eendrept\u0103m spre o discu\u021bie care va analiza urm\u0103torii pa\u0219i de ac\u021biune, fie c\u0103 ne referim la aspecte umanitare, fie la consolidarea for\u021belor de poli\u021bie locale sau, ulterior, la desf\u0103\u0219urarea de for\u021be interna\u021bionale de men\u021binere a p\u0103cii\u201d, a explicat el.<\/p>\n<p>\u00cen ceea ce prive\u0219te mandatul pe care Rom\u00e2nia \u00eel va avea, Nicu\u0219or Dan a ad\u0103ugat: \u201eVom prezenta modalit\u0103\u021bile prin care Rom\u00e2nia poate contribui. Am desf\u0103\u0219urat deja activit\u0103\u021bi umanitare semnificative, aduc\u00e2nd copii bolnavi pentru tratament \u00een Rom\u00e2nia sau direc\u021bion\u00e2ndu-i c\u0103tre spitale din Europa. Ne propunem s\u0103 continu\u0103m aceste eforturi. De asemenea, avem expertiz\u0103 \u00een preg\u0103tirea for\u021belor de securitate locale, acumulat\u0103 \u00een alte zone de conflict, pe care putem s\u0103 o valorific\u0103m \u0219i \u00een acest context\u201d, a concluzionat Dan. <\/p>\n","protected":false},"excerpt":{"rendered":"<p>Organiza\u021bia Board of Peace se preg\u0103te\u0219te pentru prima sa \u00eent\u00e2lnire de lucru, iar Rom\u00e2nia a primit o invita\u021bie de a participa la aceast\u0103 \u0219edin\u021b\u0103. Nicu\u0219or Dan, primarul Capitalei, a subliniat importan\u021ba clarific\u0103rilor solicitate \u00een leg\u0103tur\u0103 cu rolul pe care \u00eel poate juca un stat non-membru, dar care \u00eemp\u0103rt\u0103\u0219e\u0219te viziunea organiza\u021biei. Dup\u0103 c\u00e2teva zile de discu\u021bii [&hellip;]<\/p>\n","protected":false},"author":2,"featured_media":3541,"comment_status":"open","ping_status":"open","sticky":false,"template":"","format":"standard","meta":{"jnews-multi-image_gallery":[],"jnews_single_post":[],"jnews_primary_category":[],"jnews_override_counter":[],"footnotes":""},"categories":[42],"tags":[5702,5707,5704,286,5706,149,5705,5703],"class_list":["post-3540","post","type-post","status-publish","format-standard","has-post-thumbnail","hentry","category-politica","tag-board-of-peace","tag-dezvoltare-organizatie","tag-intalnire-consiliu","tag-nicusor-dan","tag-participare","tag-romania","tag-situatia-din-gaza","tag-statut-observator"],"_links":{"self":[{"href":"https:\/\/www.newsrecorder.ro\/app\/wp-json\/wp\/v2\/posts\/3540","targetHints":{"allow":["GET"]}}],"collection":[{"href":"https:\/\/www.newsrecorder.ro\/app\/wp-json\/wp\/v2\/posts"}],"about":[{"href":"https:\/\/www.newsrecorder.ro\/app\/wp-json\/wp\/v2\/types\/post"}],"author":[{"embeddable":true,"href":"https:\/\/www.newsrecorder.ro\/app\/wp-json\/wp\/v2\/users\/2"}],"replies":[{"embeddable":true,"href":"https:\/\/www.newsrecorder.ro\/app\/wp-json\/wp\/v2\/comments?post=3540"}],"version-history":[{"count":0,"href":"https:\/\/www.newsrecorder.ro\/app\/wp-json\/wp\/v2\/posts\/3540\/revisions"}],"wp:featuredmedia":[{"embeddable":true,"href":"https:\/\/www.newsrecorder.ro\/app\/wp-json\/wp\/v2\/media\/3541"}],"wp:attachment":[{"href":"https:\/\/www.newsrecorder.ro\/app\/wp-json\/wp\/v2\/media?parent=3540"}],"wp:term":[{"taxonomy":"category","embeddable":true,"href":"https:\/\/www.newsrecorder.ro\/app\/wp-json\/wp\/v2\/categories?post=3540"},{"taxonomy":"post_tag","embeddable":true,"href":"https:\/\/www.newsrecorder.ro\/app\/wp-json\/wp\/v2\/tags?post=3540"}],"curies":[{"name":"wp","href":"https:\/\/api.w.org\/{rel}","templated":true}]}}