{"id":3560,"date":"2026-02-17T12:57:38","date_gmt":"2026-02-17T12:57:38","guid":{"rendered":"https:\/\/www.newsrecorder.ro\/app\/2026\/02\/17\/printesele-beatrice-si-eugenie-impactul-scandalului-epstein-asupra-lor\/"},"modified":"2026-02-17T12:57:38","modified_gmt":"2026-02-17T12:57:38","slug":"printesele-beatrice-si-eugenie-impactul-scandalului-epstein-asupra-lor","status":"publish","type":"post","link":"https:\/\/www.newsrecorder.ro\/app\/2026\/02\/17\/printesele-beatrice-si-eugenie-impactul-scandalului-epstein-asupra-lor\/","title":{"rendered":"Prin\u021besele Beatrice \u0219i Eugenie: Impactul scandalului Epstein asupra lor"},"content":{"rendered":"<p>\u00cen ciuda faptului c\u0103 prin\u021besele Beatrice \u0219i Eugenie nu sunt implicate \u00een vreo ac\u021biune ilegal\u0103, re\u00eentoarcerea numelui lor \u00een aten\u021bia publicului are loc \u00eentr-un moment sensibil pentru monarhia britanic\u0103, amplific\u00e2nd tensiunea \u0219i presiunea asupra familiei regale, conform unui raport publicat de <a href=\"https:\/\/edition.cnn.com\/2026\/02\/16\/uk\/beatrice-eugenie-parents-epstein-scandal-fallout-intl\" target=\"_blank\" rel=\"noopener\">CNN<\/a>.<\/p>\n<p>Documentele recente sugereaz\u0103 c\u0103 Sarah Ferguson, mama prin\u021beselor, ar fi continuat s\u0103 aib\u0103 leg\u0103turi cu Jeffrey Epstein, chiar \u0219i dup\u0103 condamnarea sa din 2008. Conform acestor acte, \u00een iulie 2009, la scurt timp dup\u0103 eliberarea lui Epstein din \u00eenchisoare, Ducesa de York ar fi avut un pr\u00e2nz cu el \u00een Miami, fiind \u00eenso\u021bit\u0103 de fiicele sale, Beatrice \u0219i Eugenie, care la acea vreme aveau 20 \u0219i, respectiv, 19 ani.<\/p>\n<p>Emailurile din dosar eviden\u021biaz\u0103 o rela\u021bie apropiat\u0103 \u00eentre Ferguson \u0219i Epstein, fiind incluse mesaje de mul\u021bumire \u0219i referin\u021be personale. De asemenea, documentele con\u021bin detalii considerate jenante referitoare la via\u021ba privat\u0103 a prin\u021besei Eugenie, ceea ce adaug\u0103 o nou\u0103 dimensiune controversei.<\/p>\n<p>\u00cen acela\u0219i timp, presiunea asupra prin\u021bului Andrew, tat\u0103l celor dou\u0103 prin\u021bese, cre\u0219te \u00een contextul unor investiga\u021bii despre presupuse abuzuri de putere \u00een timpul mandatului s\u0103u ca trimis comercial al Regatului Unit. Acesta a negat constant orice acuza\u021bie legat\u0103 de comportamentul s\u0103u \u00een rela\u021bia cu Epstein.<\/p>\n<p>Beatrice (37 de ani) \u0219i Eugenie (35 de ani) sunt, de\u0219i titulaturile lor includ \u201eAlte\u021b\u0103 Regal\u0103\u201d, membri mai pu\u021bin activi ai familiei regale. Recent, ele au evitat apari\u021biile publice \u0219i nu au emis declara\u021bii oficiale.<\/p>\n<p>Conform presei britanice, publicul manifest\u0103 o empatie crescut\u0103 fa\u021b\u0103 de cele dou\u0103 prin\u021bese, percep\u00e2ndu-le ca pe victime ale ac\u021biunilor p\u0103rin\u021bilor lor. Surse apropiate sugereaz\u0103 c\u0103 rela\u021biile dintre fiice \u0219i p\u0103rin\u021bi au devenit tensionate \u00een urma acestor scandaluri.<\/p>\n<p>Beatrice \u0219i Eugenie \u0219i-au construit cariere independente \u00een afara cercurilor regale tradi\u021bionale. Beatrice activeaz\u0103 \u00een domeniul consultan\u021bei strategice \u0219i este implicat\u0103 \u00een organiza\u021bii caritabile, \u00een timp ce Eugenie \u00ee\u0219i desf\u0103\u0219oar\u0103 activitatea \u00een domeniul artistic \u0219i este co-fondatoare a unei organiza\u021bii dedicate combaterii traficului de persoane.<\/p>\n<p>Regele Charles al III-lea a ac\u021bionat ferm \u00een trecut, retr\u0103g\u00e2ndu-i prin\u021bului Andrew titlurile \u0219i excluz\u00e2ndu-l din via\u021ba public\u0103. Recent, Palatul Buckingham a anun\u021bat c\u0103 suveranul este deschis s\u0103 colaboreze cu autorit\u0103\u021bile britanice \u00een cadrul investiga\u021biilor \u00een curs.<\/p>\n<p>Pe m\u0103sur\u0103 ce investiga\u021biile continu\u0103, Beatrice \u0219i Eugenie fac eforturi pentru a-\u0219i proteja imaginea, \u00een timp ce \u00eencearc\u0103 s\u0103 \u00ee\u0219i men\u021bin\u0103 vie\u021bile profesionale \u0219i personale departe de scandalul care afecteaz\u0103 numele familiei York.<\/p>\n","protected":false},"excerpt":{"rendered":"<p>\u00cen ciuda faptului c\u0103 prin\u021besele Beatrice \u0219i Eugenie nu sunt implicate \u00een vreo ac\u021biune ilegal\u0103, re\u00eentoarcerea numelui lor \u00een aten\u021bia publicului are loc \u00eentr-un moment sensibil pentru monarhia britanic\u0103, amplific\u00e2nd tensiunea \u0219i presiunea asupra familiei regale, conform unui raport publicat de CNN. Documentele recente sugereaz\u0103 c\u0103 Sarah Ferguson, mama prin\u021beselor, ar fi continuat s\u0103 aib\u0103 [&hellip;]<\/p>\n","protected":false},"author":2,"featured_media":3561,"comment_status":"open","ping_status":"open","sticky":false,"template":"","format":"standard","meta":{"jnews-multi-image_gallery":[],"jnews_single_post":[],"jnews_primary_category":[],"jnews_override_counter":[],"footnotes":""},"categories":[41],"tags":[5740,1708,5739,5741,5737,5736,1820,5738],"class_list":["post-3560","post","type-post","status-publish","format-standard","has-post-thumbnail","hentry","category-externe","tag-documente-recente","tag-jeffrey-epstein","tag-monarhia-britanica","tag-presiune-asupra-familiei-regale","tag-printesa-eugenie","tag-printesele-beatrice","tag-relatii-personale","tag-sarah-ferguson"],"_links":{"self":[{"href":"https:\/\/www.newsrecorder.ro\/app\/wp-json\/wp\/v2\/posts\/3560","targetHints":{"allow":["GET"]}}],"collection":[{"href":"https:\/\/www.newsrecorder.ro\/app\/wp-json\/wp\/v2\/posts"}],"about":[{"href":"https:\/\/www.newsrecorder.ro\/app\/wp-json\/wp\/v2\/types\/post"}],"author":[{"embeddable":true,"href":"https:\/\/www.newsrecorder.ro\/app\/wp-json\/wp\/v2\/users\/2"}],"replies":[{"embeddable":true,"href":"https:\/\/www.newsrecorder.ro\/app\/wp-json\/wp\/v2\/comments?post=3560"}],"version-history":[{"count":0,"href":"https:\/\/www.newsrecorder.ro\/app\/wp-json\/wp\/v2\/posts\/3560\/revisions"}],"wp:featuredmedia":[{"embeddable":true,"href":"https:\/\/www.newsrecorder.ro\/app\/wp-json\/wp\/v2\/media\/3561"}],"wp:attachment":[{"href":"https:\/\/www.newsrecorder.ro\/app\/wp-json\/wp\/v2\/media?parent=3560"}],"wp:term":[{"taxonomy":"category","embeddable":true,"href":"https:\/\/www.newsrecorder.ro\/app\/wp-json\/wp\/v2\/categories?post=3560"},{"taxonomy":"post_tag","embeddable":true,"href":"https:\/\/www.newsrecorder.ro\/app\/wp-json\/wp\/v2\/tags?post=3560"}],"curies":[{"name":"wp","href":"https:\/\/api.w.org\/{rel}","templated":true}]}}