{"id":3584,"date":"2026-02-17T13:12:45","date_gmt":"2026-02-17T13:12:45","guid":{"rendered":"https:\/\/www.newsrecorder.ro\/app\/2026\/02\/17\/judecatoria-sectorului-3-batalie-cu-plosnitele-pana-in-2025\/"},"modified":"2026-02-17T13:12:45","modified_gmt":"2026-02-17T13:12:45","slug":"judecatoria-sectorului-3-batalie-cu-plosnitele-pana-in-2025","status":"publish","type":"post","link":"https:\/\/www.newsrecorder.ro\/app\/2026\/02\/17\/judecatoria-sectorului-3-batalie-cu-plosnitele-pana-in-2025\/","title":{"rendered":"Judec\u0103toria Sectorului 3, b\u0103t\u0103lie cu plo\u0219ni\u021bele p\u00e2n\u0103 \u00een 2025!"},"content":{"rendered":"<p>\u00centr-un r\u0103spuns oficial adresat MEDIAFAX, Judec\u0103toria Sectorului 3 din Bucure\u0219ti a confirmat c\u0103 problema infest\u0103rii cu plo\u0219ni\u021be a fost raportat\u0103 \u00eenc\u0103 din anul 2025.<\/p>\n<p>Reprezentan\u021bii instan\u021bei au men\u021bionat c\u0103 au existat multiple sesiz\u0103ri verbale din partea corpului de jandarmi, iar \u00een 2026, personalul auxiliar a formulat dou\u0103 astfel de sesiz\u0103ri. Aceste informa\u021bii subliniaz\u0103 gravitatea situa\u021biei din cl\u0103direa instan\u021bei.<\/p>\n<p>\u201e\u00cen urma sesiz\u0103rilor ini\u021biale venite din partea jandarmilor, care au semnalat prezen\u021ba acestor insecte la parterul cl\u0103dirii, am demarat dezinsec\u021bia acestei zone, inclusiv eliminarea lambriurilor din lemn aflate \u00een acea zon\u0103. Ulterior, pe baza sesiz\u0103rilor primite de la doi grefieri, dintre care unul lucreaz\u0103 la etajul 1, am procedat la dezinsec\u021bia \u00eentregii cl\u0103diri\u201d, se precizeaz\u0103 \u00een comunicatul oficial al institu\u021biei.<\/p>\n<p>Judec\u0103toria a ad\u0103ugat c\u0103, p\u00e2n\u0103 \u00een prezent, activit\u0103\u021bile din cadrul instan\u021bei nu au fost suspendate. Totu\u0219i, \u00een perioada 14-15 februarie 2026, pre\u0219edintele instan\u021bei a decis ca toate cererile formulate de unit\u0103\u021bile de parchet s\u0103 fie solu\u021bionate la Judec\u0103toria Sector 6 din Bucure\u0219ti, ca urmare a activit\u0103\u021bilor de dezinsec\u021bie desf\u0103\u0219urate.<\/p>\n<p>\u201eDecizia a fost luat\u0103 deoarece cl\u0103direa Judec\u0103toriei Sector 3 Bucure\u0219ti nu a putut fi utilizat\u0103 de personalul instan\u021bei \u00een urma dezinsec\u021biei efectuate pe 14 februarie 2026\u201d, a ad\u0103ugat sursa citat\u0103.<\/p>\n<p>\u00cen final, reprezentan\u021bii instan\u021bei au men\u021bionat c\u0103 nu pot oferi o estimare privind termenul pentru eliminarea complet\u0103 a infest\u0103rii, subliniind c\u0103 activit\u0103\u021bile de dezinsec\u021bie vor continua.<\/p>\n","protected":false},"excerpt":{"rendered":"<p>\u00centr-un r\u0103spuns oficial adresat MEDIAFAX, Judec\u0103toria Sectorului 3 din Bucure\u0219ti a confirmat c\u0103 problema infest\u0103rii cu plo\u0219ni\u021be a fost raportat\u0103 \u00eenc\u0103 din anul 2025. Reprezentan\u021bii instan\u021bei au men\u021bionat c\u0103 au existat multiple sesiz\u0103ri verbale din partea corpului de jandarmi, iar \u00een 2026, personalul auxiliar a formulat dou\u0103 astfel de sesiz\u0103ri. Aceste informa\u021bii subliniaz\u0103 gravitatea situa\u021biei [&hellip;]<\/p>\n","protected":false},"author":2,"featured_media":3585,"comment_status":"open","ping_status":"open","sticky":false,"template":"","format":"standard","meta":{"jnews-multi-image_gallery":[],"jnews_single_post":[],"jnews_primary_category":[],"jnews_override_counter":[],"footnotes":""},"categories":[39],"tags":[362,2852,5784,5786,5788,5785,5783,5787],"class_list":["post-3584","post","type-post","status-publish","format-standard","has-post-thumbnail","hentry","category-stirile-zilei","tag-bucuresti","tag-cladire","tag-dezinsectie","tag-infestare","tag-jandarmerie","tag-judecatorie","tag-plosnite","tag-sesizari"],"_links":{"self":[{"href":"https:\/\/www.newsrecorder.ro\/app\/wp-json\/wp\/v2\/posts\/3584","targetHints":{"allow":["GET"]}}],"collection":[{"href":"https:\/\/www.newsrecorder.ro\/app\/wp-json\/wp\/v2\/posts"}],"about":[{"href":"https:\/\/www.newsrecorder.ro\/app\/wp-json\/wp\/v2\/types\/post"}],"author":[{"embeddable":true,"href":"https:\/\/www.newsrecorder.ro\/app\/wp-json\/wp\/v2\/users\/2"}],"replies":[{"embeddable":true,"href":"https:\/\/www.newsrecorder.ro\/app\/wp-json\/wp\/v2\/comments?post=3584"}],"version-history":[{"count":0,"href":"https:\/\/www.newsrecorder.ro\/app\/wp-json\/wp\/v2\/posts\/3584\/revisions"}],"wp:featuredmedia":[{"embeddable":true,"href":"https:\/\/www.newsrecorder.ro\/app\/wp-json\/wp\/v2\/media\/3585"}],"wp:attachment":[{"href":"https:\/\/www.newsrecorder.ro\/app\/wp-json\/wp\/v2\/media?parent=3584"}],"wp:term":[{"taxonomy":"category","embeddable":true,"href":"https:\/\/www.newsrecorder.ro\/app\/wp-json\/wp\/v2\/categories?post=3584"},{"taxonomy":"post_tag","embeddable":true,"href":"https:\/\/www.newsrecorder.ro\/app\/wp-json\/wp\/v2\/tags?post=3584"}],"curies":[{"name":"wp","href":"https:\/\/api.w.org\/{rel}","templated":true}]}}