{"id":3588,"date":"2026-02-17T13:13:19","date_gmt":"2026-02-17T13:13:19","guid":{"rendered":"https:\/\/www.newsrecorder.ro\/app\/2026\/02\/17\/marian-aioani-portar-la-fc-rapid-in-atentia-medicilor-dupa-accidentare\/"},"modified":"2026-02-17T13:13:19","modified_gmt":"2026-02-17T13:13:19","slug":"marian-aioani-portar-la-fc-rapid-in-atentia-medicilor-dupa-accidentare","status":"publish","type":"post","link":"https:\/\/www.newsrecorder.ro\/app\/2026\/02\/17\/marian-aioani-portar-la-fc-rapid-in-atentia-medicilor-dupa-accidentare\/","title":{"rendered":"Marian Aioani, portar la FC Rapid, \u00een aten\u021bia medicilor dup\u0103 accidentare!"},"content":{"rendered":"<p>Clubul Rapid Bucure\u0219ti a anun\u021bat c\u0103 portarul Andrei Aioani va \u00eencepe un program de recuperare \u00een urma testelor medicale efectuate. De\u0219i durata exact\u0103 a absen\u021bei sale va fi stabilit\u0103 ulterior, echipa se confrunt\u0103 cu o situa\u021bie delicat\u0103.<\/p>\n<p>Aioani, \u00een v\u00e2rst\u0103 de 26 de ani, a fost titular \u00een meciul disputat la Constan\u021ba, care s-a \u00eencheiat cu o \u00eenfr\u00e2ngere pentru Rapid, scor 3-1 \u00een favoarea celor de la Farul. \u00cen minutul 28 al \u00eent\u00e2lnirii, portarul a acuzat dureri musculare \u0219i a fost nevoit s\u0103 se a\u0219eze pe teren.<\/p>\n<p>Interven\u021bia echipei medicale nu a fost suficient\u0103 pentru a-i permite continuarea jocului, astfel c\u0103 Aioani a fost \u00eenlocuit un minut mai t\u00e2rziu de noul venit Dejan Iliev, transferat recent de la UTA Arad. Acesta a avut parte de o a doua apari\u021bie \u00een tricoul Rapidului, dup\u0103 debutul s\u0103u \u00een meciul \u00eempotriva Petrolului Ploie\u0219ti, care s-a \u00eencheiat la egalitate, 1-1.<\/p>\n<p>De\u0219i Aioani a ie\u0219it de pe teren pe propriile picioare, a avut dificult\u0103\u021bi \u00een a se deplasa. Aceasta nu este prima dat\u0103 c\u00e2nd portarul se confrunt\u0103 cu astfel de probleme; la finalul sezonului precedent, a ratat mai multe meciuri din cauza unor accident\u0103ri similare.<\/p>\n<p>Accidentarea sa vine \u00eentr-un moment extrem de dificil pentru Rapid, care se afl\u0103 pe locul 3 \u00een clasament \u0219i se preg\u0103te\u0219te pentru un meci crucial \u00een derbiul cu Dinamo Bucure\u0219ti, echipa de pe locul 2 \u00een Superlig\u0103, programat s\u00e2mb\u0103t\u0103.<\/p>\n","protected":false},"excerpt":{"rendered":"<p>Clubul Rapid Bucure\u0219ti a anun\u021bat c\u0103 portarul Andrei Aioani va \u00eencepe un program de recuperare \u00een urma testelor medicale efectuate. De\u0219i durata exact\u0103 a absen\u021bei sale va fi stabilit\u0103 ulterior, echipa se confrunt\u0103 cu o situa\u021bie delicat\u0103. Aioani, \u00een v\u00e2rst\u0103 de 26 de ani, a fost titular \u00een meciul disputat la Constan\u021ba, care s-a \u00eencheiat [&hellip;]<\/p>\n","protected":false},"author":2,"featured_media":3589,"comment_status":"open","ping_status":"open","sticky":false,"template":"","format":"standard","meta":{"jnews-multi-image_gallery":[],"jnews_single_post":[],"jnews_primary_category":[],"jnews_override_counter":[],"footnotes":""},"categories":[39],"tags":[2331,5796,5797,4190,3009,57,114,585],"class_list":["post-3588","post","type-post","status-publish","format-standard","has-post-thumbnail","hentry","category-stirile-zilei","tag-absenta","tag-andrei-aioani","tag-dejan-iliev","tag-echipa-medicala","tag-farul","tag-meci","tag-rapid-bucuresti","tag-recuperare"],"_links":{"self":[{"href":"https:\/\/www.newsrecorder.ro\/app\/wp-json\/wp\/v2\/posts\/3588","targetHints":{"allow":["GET"]}}],"collection":[{"href":"https:\/\/www.newsrecorder.ro\/app\/wp-json\/wp\/v2\/posts"}],"about":[{"href":"https:\/\/www.newsrecorder.ro\/app\/wp-json\/wp\/v2\/types\/post"}],"author":[{"embeddable":true,"href":"https:\/\/www.newsrecorder.ro\/app\/wp-json\/wp\/v2\/users\/2"}],"replies":[{"embeddable":true,"href":"https:\/\/www.newsrecorder.ro\/app\/wp-json\/wp\/v2\/comments?post=3588"}],"version-history":[{"count":0,"href":"https:\/\/www.newsrecorder.ro\/app\/wp-json\/wp\/v2\/posts\/3588\/revisions"}],"wp:featuredmedia":[{"embeddable":true,"href":"https:\/\/www.newsrecorder.ro\/app\/wp-json\/wp\/v2\/media\/3589"}],"wp:attachment":[{"href":"https:\/\/www.newsrecorder.ro\/app\/wp-json\/wp\/v2\/media?parent=3588"}],"wp:term":[{"taxonomy":"category","embeddable":true,"href":"https:\/\/www.newsrecorder.ro\/app\/wp-json\/wp\/v2\/categories?post=3588"},{"taxonomy":"post_tag","embeddable":true,"href":"https:\/\/www.newsrecorder.ro\/app\/wp-json\/wp\/v2\/tags?post=3588"}],"curies":[{"name":"wp","href":"https:\/\/api.w.org\/{rel}","templated":true}]}}