{"id":3628,"date":"2026-02-17T19:39:30","date_gmt":"2026-02-17T19:39:30","guid":{"rendered":"https:\/\/www.newsrecorder.ro\/app\/2026\/02\/17\/murala-uriasa-cu-maria-callas-cea-mai-buna-din-lume-la-street-art\/"},"modified":"2026-02-17T19:39:30","modified_gmt":"2026-02-17T19:39:30","slug":"murala-uriasa-cu-maria-callas-cea-mai-buna-din-lume-la-street-art","status":"publish","type":"post","link":"https:\/\/www.newsrecorder.ro\/app\/2026\/02\/17\/murala-uriasa-cu-maria-callas-cea-mai-buna-din-lume-la-street-art\/","title":{"rendered":"Mural\u0103 uria\u0219\u0103 cu Maria Callas: Cea mai bun\u0103 din lume la street art!"},"content":{"rendered":"<p>Kalamata, o localitate pitoreasc\u0103 din regiunea Messinia, str\u0103luce\u0219te acum printr-un nou simbol urban remarcabil: un mural impresionant dedicat celebrei soprane Maria Callas. Aceast\u0103 oper\u0103, creat\u0103 \u00een 2025 de talentatul artist Cleomenis Kostopoulos, a fost recunoscut\u0103 ca \u201ecea mai bun\u0103 din lume\u201d \u00een cadrul premiilor oferite de platforma Street Art Cities, \u00een urma unui vot interna\u021bional public, conform informa\u021biilor furnizate de <a href=\"https:\/\/www.euronews.com\/culture\/2026\/02\/15\/kalamata-the-mural-with-maria-callas-that-was-declared-the-best-in-the-world\" target=\"_blank\" rel=\"noopener\">Euronews<\/a>.<\/p>\n<p>Realiz\u00e2nd un omagiu artistic, muralul subliniaz\u0103 identitatea local\u0103 a ora\u0219ului. De\u0219i portretul o reprezint\u0103 pe Maria Callas, artistul a ales s\u0103 denumeasc\u0103 lucrarea \u201eKalamata\u201d, av\u00e2nd \u00een vedere c\u0103 tat\u0103l sopranei avea r\u0103d\u0103cini \u00een aceast\u0103 regiune. \u201eAm dorit s\u0103 o prezint pe Maria Callas ca o \u00eentruchipare a Kalamatei. Nu este doar un portret, ci o alegorie a ora\u0219ului\u201d, a explicat Kostopoulos, subliniind c\u0103 soprana devine un simbol al spiritului local, al rezilien\u021bei \u0219i al rafinamentului cultural.<\/p>\n<p>Rochia impun\u0103toare a lui Callas este \u00eenc\u0103rcat\u0103 de simboluri, evoc\u00e2nd prosperitatea, abunden\u021ba \u0219i fertilitatea specifice regiunii. Compozi\u021bia muralului include elemente naturale, cum ar fi crengi de copaci, p\u0103s\u0103ri \u0219i produse agricole, care subliniaz\u0103 leg\u0103tura profund\u0103 dintre comunitate \u0219i p\u0103m\u00e2nt. Procesul de realizare a muralului a fost plin de provoc\u0103ri, condi\u021biile meteorologice nefavorabile \u00eencetinind considerabil execu\u021bia. Echipa a folosit pensule, spray-uri \u0219i o macara pentru a acoperi \u00eentreaga suprafa\u021b\u0103 a cl\u0103dirii.<\/p>\n<p>Impresionanta dimensiune a operei transform\u0103 muralul \u00eentr-un reper vizual major, u\u0219or de recunoscut \u0219i de observat din dep\u0103rtare, \u00eembog\u0103\u021bind peisajul urban.<\/p>\n<p>Autorit\u0103\u021bile locale consider\u0103 muralul un nou simbol definitoriu pentru ora\u0219ul Kalamata. \u201eA devenit un punct de atrac\u021bie. Oamenii vin special s\u0103 \u00eel admire, s\u0103 fac\u0103 fotografii \u0219i s\u0103 \u00eel promoveze pe re\u021belele sociale. Hashtag-urile Kalamata \u0219i Maria Callas sunt din ce \u00een ce mai populare\u201d, a declarat Vassilis Papaevstathiou, viceprimar responsabil cu planificarea strategic\u0103 \u0219i neutralitatea climatic\u0103.<\/p>\n<p>Acest proiect se alinieaz\u0103 \u0219i strategiei ora\u0219ului de a atinge neutralitatea climatic\u0103 p\u00e2n\u0103 \u00een 2030 \u0219i vizeaz\u0103 consolidarea <a href=\"https:\/\/www.mediafax.ro\/stirile-zilei\/se-deschide-primul-muzeu-din-lume-in-onoarea-legendarei-maria-callas-22168816\" target=\"_blank\" rel=\"noopener\">identit\u0103\u021bii culturale contemporane<\/a> a regiunii. Astfel, muralul reu\u0219e\u0219te s\u0103 creeze o punte vizual\u0103 \u00eentre tradi\u021bie, art\u0103 \u0219i viitor, propuls\u00e2nd Kalamata pe o nou\u0103 pozi\u021bie de referin\u021b\u0103 pe harta artei urbane europene.<\/p>\n","protected":false},"excerpt":{"rendered":"<p>Kalamata, o localitate pitoreasc\u0103 din regiunea Messinia, str\u0103luce\u0219te acum printr-un nou simbol urban remarcabil: un mural impresionant dedicat celebrei soprane Maria Callas. Aceast\u0103 oper\u0103, creat\u0103 \u00een 2025 de talentatul artist Cleomenis Kostopoulos, a fost recunoscut\u0103 ca \u201ecea mai bun\u0103 din lume\u201d \u00een cadrul premiilor oferite de platforma Street Art Cities, \u00een urma unui vot interna\u021bional [&hellip;]<\/p>\n","protected":false},"author":7,"featured_media":3629,"comment_status":"open","ping_status":"open","sticky":false,"template":"","format":"standard","meta":{"jnews-multi-image_gallery":[],"jnews_single_post":[],"jnews_primary_category":[],"jnews_override_counter":[],"footnotes":""},"categories":[43],"tags":[5392,5395,5388,5390,5393,5389,5394,5391],"class_list":["post-3628","post","type-post","status-publish","format-standard","has-post-thumbnail","hentry","category-cultura","tag-cleomenis-kostopoulos","tag-identitate-locala","tag-kalamata","tag-maria-callas","tag-messinia","tag-mural","tag-simbol-urban","tag-street-art"],"_links":{"self":[{"href":"https:\/\/www.newsrecorder.ro\/app\/wp-json\/wp\/v2\/posts\/3628","targetHints":{"allow":["GET"]}}],"collection":[{"href":"https:\/\/www.newsrecorder.ro\/app\/wp-json\/wp\/v2\/posts"}],"about":[{"href":"https:\/\/www.newsrecorder.ro\/app\/wp-json\/wp\/v2\/types\/post"}],"author":[{"embeddable":true,"href":"https:\/\/www.newsrecorder.ro\/app\/wp-json\/wp\/v2\/users\/7"}],"replies":[{"embeddable":true,"href":"https:\/\/www.newsrecorder.ro\/app\/wp-json\/wp\/v2\/comments?post=3628"}],"version-history":[{"count":0,"href":"https:\/\/www.newsrecorder.ro\/app\/wp-json\/wp\/v2\/posts\/3628\/revisions"}],"wp:featuredmedia":[{"embeddable":true,"href":"https:\/\/www.newsrecorder.ro\/app\/wp-json\/wp\/v2\/media\/3629"}],"wp:attachment":[{"href":"https:\/\/www.newsrecorder.ro\/app\/wp-json\/wp\/v2\/media?parent=3628"}],"wp:term":[{"taxonomy":"category","embeddable":true,"href":"https:\/\/www.newsrecorder.ro\/app\/wp-json\/wp\/v2\/categories?post=3628"},{"taxonomy":"post_tag","embeddable":true,"href":"https:\/\/www.newsrecorder.ro\/app\/wp-json\/wp\/v2\/tags?post=3628"}],"curies":[{"name":"wp","href":"https:\/\/api.w.org\/{rel}","templated":true}]}}