{"id":3632,"date":"2026-02-17T19:40:07","date_gmt":"2026-02-17T19:40:07","guid":{"rendered":"https:\/\/www.newsrecorder.ro\/app\/2026\/02\/17\/festivalul-de-film-de-la-berlin-raspunde-acuzatiilor-politice\/"},"modified":"2026-02-17T19:40:07","modified_gmt":"2026-02-17T19:40:07","slug":"festivalul-de-film-de-la-berlin-raspunde-acuzatiilor-politice","status":"publish","type":"post","link":"https:\/\/www.newsrecorder.ro\/app\/2026\/02\/17\/festivalul-de-film-de-la-berlin-raspunde-acuzatiilor-politice\/","title":{"rendered":"Festivalul de Film de la Berlin r\u0103spunde acuza\u021biilor politice!"},"content":{"rendered":"<p>Reac\u021biile aprinse au ap\u0103rut \u00een urma criticilor aduse juriului Festivalului de Film de la Berlin, \u00een special pre\u0219edintelui s\u0103u, Wim Wenders, pentru comentariile f\u0103cute \u00een contextul r\u0103zboiului din Gaza, conform <a href=\"https:\/\/www.theguardian.com\/film\/2026\/feb\/15\/berlin-film-festival-berlinale-arundhati-roy-politics-wim-wenders\" target=\"_blank\" rel=\"noopener\">The Guardian<\/a>. \u00cen cadrul conferin\u021bei de pres\u0103 de deschidere, Wenders a fost \u00eentrebat dac\u0103 filmele pot influen\u021ba schimb\u0103rile politice. R\u0103spunsul s\u0103u a fost c\u0103 \u201efilmele pot schimba lumea\u201d, \u00eens\u0103 a ad\u0103ugat c\u0103 acest lucru nu se face \u00eentr-un mod politic, subliniind c\u0103 cinea\u0219tii ar trebui s\u0103 stea departe de politic\u0103.<\/p>\n<p>Pe de alt\u0103 parte, produc\u0103toarea polonez\u0103 Ewa Puszczy\u0144ska a fost \u00eentrebat\u0103 despre sprijinul guvernului german pentru Israel. Ea a caracterizat \u00eentrebarea ca fiind \u201ecomplicat\u0103\u201d \u0219i \u201eoarecum nedreapt\u0103\u201d, afirm\u00e2nd: \u201eNu putem fi responsabili pentru decizia lor de a sprijini Israelul sau pentru decizia de a sprijini Palestina.\u201d<\/p>\n<p>Aceste comentarii au determinat-o pe autoarea indian\u0103 Arundhati Roy s\u0103 se retrag\u0103 de la Berlinale, vineri. \u00centr-o reac\u021bie puternic\u0103, Roy a numit afirma\u021biile \u201ede neconceput\u201d \u0219i a exprimat \u00eengrijorarea c\u0103 acestea ar putea ajunge la milioane de oameni din \u00eentreaga lume.<\/p>\n<p>\u201eS\u0103-i auzi spun\u00e2nd c\u0103 arta nu ar trebui s\u0103 fie politic\u0103 este uluitor\u201d, a afirmat Roy. \u201eEste o modalitate de a \u00eenchide o conversa\u021bie despre o crim\u0103 \u00eempotriva umanit\u0103\u021bii chiar \u00een timp real \u2013 \u00eentr-un moment \u00een care arti\u0219tii, scriitorii \u0219i cinea\u0219tii ar trebui s\u0103 fac\u0103 tot ce le st\u0103 \u00een putin\u021b\u0103 pentru a opri astfel de atrocit\u0103\u021bi.\u201d<\/p>\n<p>\u00cen contextul acestor tensiuni, s\u00e2mb\u0103t\u0103 seara, Tricia Tuttle, directoarea festivalului, a declarat: \u201eArti\u0219tii sunt liberi s\u0103 \u00ee\u0219i exercite dreptul la liber\u0103 exprimare \u00een orice mod doresc. Nu ar trebui s\u0103 se a\u0219tepte de la ei s\u0103 comenteze toate dezbaterile mai ample despre practicile anterioare sau actuale ale festivalului, asupra c\u0103rora nu au niciun control.\u201d Tuttle a insistat c\u0103 nu ar trebui s\u0103 li se cear\u0103 arti\u0219tilor s\u0103 abordeze fiecare problem\u0103 politic\u0103 care le este adus\u0103 \u00een discu\u021bie, dec\u00e2t dac\u0103 ace\u0219tia doresc acest lucru.<\/p>\n<p>Un purt\u0103tor de cuv\u00e2nt al festivalului a ad\u0103ugat c\u0103, \u00een primele 48 de ore ale festivalului din acest an, a avut loc o \u201efurtun\u0103 mediatic\u0103\u201d semnificativ\u0103. \u201eConsider\u0103m c\u0103 este important s\u0103 ne exprim\u0103m opiniile \u2013 \u00een ap\u0103rarea cinea\u0219tilor no\u0219tri \u0219i, \u00een special, a juriului \u0219i a pre\u0219edintelui juriului\u201d, a declarat acesta.<\/p>\n","protected":false},"excerpt":{"rendered":"<p>Reac\u021biile aprinse au ap\u0103rut \u00een urma criticilor aduse juriului Festivalului de Film de la Berlin, \u00een special pre\u0219edintelui s\u0103u, Wim Wenders, pentru comentariile f\u0103cute \u00een contextul r\u0103zboiului din Gaza, conform The Guardian. \u00cen cadrul conferin\u021bei de pres\u0103 de deschidere, Wenders a fost \u00eentrebat dac\u0103 filmele pot influen\u021ba schimb\u0103rile politice. R\u0103spunsul s\u0103u a fost c\u0103 \u201efilmele [&hellip;]<\/p>\n","protected":false},"author":7,"featured_media":3633,"comment_status":"open","ping_status":"open","sticky":false,"template":"","format":"standard","meta":{"jnews-multi-image_gallery":[],"jnews_single_post":[],"jnews_primary_category":[],"jnews_override_counter":[],"footnotes":""},"categories":[43],"tags":[5289,5833,5835,223,1853,269,5834,5286],"class_list":["post-3632","post","type-post","status-publish","format-standard","has-post-thumbnail","hentry","category-cultura","tag-arundhati-roy","tag-berlinale","tag-festival-de-film","tag-film","tag-gaza","tag-politica","tag-producatoare","tag-wim-wenders"],"_links":{"self":[{"href":"https:\/\/www.newsrecorder.ro\/app\/wp-json\/wp\/v2\/posts\/3632","targetHints":{"allow":["GET"]}}],"collection":[{"href":"https:\/\/www.newsrecorder.ro\/app\/wp-json\/wp\/v2\/posts"}],"about":[{"href":"https:\/\/www.newsrecorder.ro\/app\/wp-json\/wp\/v2\/types\/post"}],"author":[{"embeddable":true,"href":"https:\/\/www.newsrecorder.ro\/app\/wp-json\/wp\/v2\/users\/7"}],"replies":[{"embeddable":true,"href":"https:\/\/www.newsrecorder.ro\/app\/wp-json\/wp\/v2\/comments?post=3632"}],"version-history":[{"count":0,"href":"https:\/\/www.newsrecorder.ro\/app\/wp-json\/wp\/v2\/posts\/3632\/revisions"}],"wp:featuredmedia":[{"embeddable":true,"href":"https:\/\/www.newsrecorder.ro\/app\/wp-json\/wp\/v2\/media\/3633"}],"wp:attachment":[{"href":"https:\/\/www.newsrecorder.ro\/app\/wp-json\/wp\/v2\/media?parent=3632"}],"wp:term":[{"taxonomy":"category","embeddable":true,"href":"https:\/\/www.newsrecorder.ro\/app\/wp-json\/wp\/v2\/categories?post=3632"},{"taxonomy":"post_tag","embeddable":true,"href":"https:\/\/www.newsrecorder.ro\/app\/wp-json\/wp\/v2\/tags?post=3632"}],"curies":[{"name":"wp","href":"https:\/\/api.w.org\/{rel}","templated":true}]}}