{"id":3640,"date":"2026-02-17T20:12:41","date_gmt":"2026-02-17T20:12:41","guid":{"rendered":"https:\/\/www.newsrecorder.ro\/app\/2026\/02\/17\/sambata-mortilor-cum-sa-ne-amintim-sinucigasii-cu-respect\/"},"modified":"2026-02-17T20:12:41","modified_gmt":"2026-02-17T20:12:41","slug":"sambata-mortilor-cum-sa-ne-amintim-sinucigasii-cu-respect","status":"publish","type":"post","link":"https:\/\/www.newsrecorder.ro\/app\/2026\/02\/17\/sambata-mortilor-cum-sa-ne-amintim-sinucigasii-cu-respect\/","title":{"rendered":"S\u00e2mb\u0103ta Mor\u021bilor: Cum s\u0103 ne amintim sinuciga\u0219ii cu respect?"},"content":{"rendered":"<p>Fiecare dat\u0103 din calendarul cre\u0219tin ortodox are o semnifica\u021bie profund\u0103, iar Mo\u0219ii de Iarn\u0103, cunoscut\u0103 \u0219i sub numele de <a href=\"https:\/\/www.mediafax.ro\/social\/mosii-de-vara-sau-sambata-mortilor-in-canile-pentru-pomana-se-pune-o-bautura-curata-ritualul-inainte-de-masa-19250665\">S\u00e2mb\u0103ta Mor\u021bilor<\/a>, nu face excep\u021bie. Aceasta este celebrat\u0103 \u00een s\u00e2mb\u0103ta dinaintea L\u0103satei Secului de Carne, ce precede Postul Pa\u0219telui.<\/p>\n<p>De\u0219i fiecare s\u00e2mb\u0103t\u0103 este dedicat\u0103 pomenirii celor adormi\u021bi, aceast\u0103 zi are o semnifica\u021bie special\u0103. Se spune c\u0103 \u00een aceast\u0103 zi, Hristos S-a pogor\u00e2t \u00een iad pentru a aduce sufletele drep\u021bilor, care nu au avut ocazia s\u0103-L cunoasc\u0103 \u00een timpul vie\u021bii lor. C\u0103ci, f\u0103r\u0103 Hristos, via\u021ba este \u00eentuneric.<\/p>\n<p>Dar de ce anume s\u00e2mb\u0103ta? Aceasta zi poart\u0103 \u00een sine profunde semnifica\u021bii duhovnice\u0219ti. Mai \u00eent\u00e2i, este ziua \u201erecoltei\u201d celor buni din \u00eentuneric, dar este \u0219i o zi care se deschide spre bucuria \u00cenvierii, ce are loc duminica. De asemenea, moartea nu este considerat\u0103 un sf\u00e2r\u0219it, ci o odihn\u0103 \u00een a\u0219teptarea \u00cenvierii, transform\u00e2nd astfel s\u00e2mb\u0103ta \u00eentr-o zi de reflec\u021bie \u0219i speran\u021b\u0103.<\/p>\n<p>Un alt aspect important al acestei zile este c\u0103 m\u00e2ntuirea nu poate fi ob\u021binut\u0103 \u00een mod individual, ci doar prin comuniune. Rug\u0103ciunile pentru ceilal\u021bi ne ajut\u0103 s\u0103 ne acces\u0103m propria m\u00e2ntuire \u0219i s\u0103 ne \u00eent\u00e2lnim cu cei dragi care ne-au p\u0103r\u0103sit.<\/p>\n<p>Pomenirea celor adormi\u021bi este un act de milostenie, av\u00e2nd ca scop at\u00e2t binele celor vii, c\u00e2t \u0219i al celor adormi\u021bi. S\u00e2mb\u0103ta Mor\u021bilor devine astfel un moment de solidaritate \u00eentre cele dou\u0103 lumi, unite prin rug\u0103ciune. Sfin\u021bii P\u0103rin\u021bi ne \u00eenva\u021b\u0103 c\u0103 nicio poman\u0103 nu este mai valoroas\u0103 dec\u00e2t rug\u0103ciunea pentru ceilal\u021bi, \u00een special pentru cei care ne-au gre\u0219it.<\/p>\n<p>Rug\u0103ciunea nu doar c\u0103 \u00eembr\u0103\u021bi\u0219eaz\u0103 sufletul celui adormit, dar \u0219i pe cel al rug\u0103torului. Aceast\u0103 leg\u0103tur\u0103 \u00eentre cele dou\u0103 lumi este simbolizat\u0103, de altfel, prin obiceiul de a leg\u0103na coliva, un ritual care une\u0219te cei de pe p\u0103m\u00e2nt cu cei din cer.<\/p>\n<p>Rug\u0103ciunea pentru ceilal\u021bi presupune, de asemenea, o prioritizare a lor, un exerci\u021biu spiritual care ne ajut\u0103 s\u0103 dep\u0103\u0219im egoismul. Este o bucurie, o \u00eent\u00e2lnire cosmic\u0103 care transform\u0103 s\u0103rb\u0103toarea Pa\u0219telui \u00eentr-o experien\u021b\u0103 comun\u0103.<\/p>\n<p>\u00cen aceast\u0103 s\u00e2mb\u0103t\u0103 special\u0103, sunt pomeni\u021bi \u0219i cei care nu pot fi pomeni\u021bi \u00een mod tradi\u021bional, precum sinuciga\u0219ii sau cei care au murit \u00een circumstan\u021be tragice. Este esen\u021bial de men\u021bionat c\u0103 ace\u0219tia nu sunt pomeni\u021bi nominal, ci printr-o formulare care las\u0103 \u00een seama lui Dumnezeu responsabilitatea iert\u0103rii.<\/p>\n<p>\u00cen diverse regiuni ale \u021b\u0103rii, Mo\u0219ii de Iarn\u0103 sunt cunoscu\u021bi sub numele de \u201ec\u00e2\u0219nelegi\u201d. Aceasta denumire simbolizeaz\u0103 \u00eenceputul prim\u0103verii, c\u00e2nd natura \u00eencepe s\u0103 revin\u0103 la via\u021b\u0103, iar zilele devin mai lungi \u0219i mai luminoase.<\/p>\n<p>\u00cen tradi\u021bia ortodox\u0103, aceste zile sunt a\u0219ezate \u00een calendar diferit, \u00een unele \u021b\u0103ri fiind plasate \u00eenaintea L\u0103satului Secului pentru Postul Pa\u0219telui, iar \u00een altele, \u00eenainte de S\u0103pt\u0103m\u00e2na Alb\u0103. La noi, ele sunt celebrate cu o s\u0103pt\u0103m\u00e2n\u0103 \u00eenainte de S\u0103pt\u0103m\u00e2na Alb\u0103, c\u00e2nd se permite consumul de produse lactate \u0219i ou\u0103, dar nu \u0219i de carne.<\/p>\n<p>\u00cen Banat, de exemplu, tradi\u021bia impune oferirea de gr\u00e2u fiert cu unt sau br\u00e2nz\u0103, al\u0103turi de carne de porc. \u00cen Muntenia, piftiile sau cotoroagele sunt preparate frecvente, \u00een timp ce \u00een Transilvania se fac \u201epupi\u201d, o specificitate local\u0103.<\/p>\n<p>\u00cen Bucovina, Mo\u0219ii de Iarn\u0103 sunt commemorati \u00eenainte de L\u0103satul Secului pentru Postul Pa\u0219telui, iar femeile din comunitate se \u00eengrijesc s\u0103 ofere m\u00e2nc\u0103ruri celor nevoia\u0219i, \u00een special copiilor, astfel \u00eenc\u00e2t to\u021bi s\u0103 se bucure de aceast\u0103 s\u0103rb\u0103toare. Acest gest de generozitate subliniaz\u0103 proverbul: \u201eCine face lui \u00ee\u0219i face \/ Cine d\u0103 lui \u00ee\u0219i d\u0103.\u201d<\/p>\n","protected":false},"excerpt":{"rendered":"<p>Fiecare dat\u0103 din calendarul cre\u0219tin ortodox are o semnifica\u021bie profund\u0103, iar Mo\u0219ii de Iarn\u0103, cunoscut\u0103 \u0219i sub numele de S\u00e2mb\u0103ta Mor\u021bilor, nu face excep\u021bie. Aceasta este celebrat\u0103 \u00een s\u00e2mb\u0103ta dinaintea L\u0103satei Secului de Carne, ce precede Postul Pa\u0219telui. De\u0219i fiecare s\u00e2mb\u0103t\u0103 este dedicat\u0103 pomenirii celor adormi\u021bi, aceast\u0103 zi are o semnifica\u021bie special\u0103. Se spune c\u0103 [&hellip;]<\/p>\n","protected":false},"author":7,"featured_media":3641,"comment_status":"open","ping_status":"open","sticky":false,"template":"","format":"standard","meta":{"jnews-multi-image_gallery":[],"jnews_single_post":[],"jnews_primary_category":[],"jnews_override_counter":[],"footnotes":""},"categories":[43],"tags":[4991,4987,4990,5258,754,4988,5836,5837],"class_list":["post-3640","post","type-post","status-publish","format-standard","has-post-thumbnail","hentry","category-cultura","tag-inviere","tag-mosii-de-iarna","tag-pomenire","tag-postul-pastelui","tag-reflectie","tag-sambata-mortilor","tag-semnificatie-duhovniceasca","tag-speranta"],"_links":{"self":[{"href":"https:\/\/www.newsrecorder.ro\/app\/wp-json\/wp\/v2\/posts\/3640","targetHints":{"allow":["GET"]}}],"collection":[{"href":"https:\/\/www.newsrecorder.ro\/app\/wp-json\/wp\/v2\/posts"}],"about":[{"href":"https:\/\/www.newsrecorder.ro\/app\/wp-json\/wp\/v2\/types\/post"}],"author":[{"embeddable":true,"href":"https:\/\/www.newsrecorder.ro\/app\/wp-json\/wp\/v2\/users\/7"}],"replies":[{"embeddable":true,"href":"https:\/\/www.newsrecorder.ro\/app\/wp-json\/wp\/v2\/comments?post=3640"}],"version-history":[{"count":0,"href":"https:\/\/www.newsrecorder.ro\/app\/wp-json\/wp\/v2\/posts\/3640\/revisions"}],"wp:featuredmedia":[{"embeddable":true,"href":"https:\/\/www.newsrecorder.ro\/app\/wp-json\/wp\/v2\/media\/3641"}],"wp:attachment":[{"href":"https:\/\/www.newsrecorder.ro\/app\/wp-json\/wp\/v2\/media?parent=3640"}],"wp:term":[{"taxonomy":"category","embeddable":true,"href":"https:\/\/www.newsrecorder.ro\/app\/wp-json\/wp\/v2\/categories?post=3640"},{"taxonomy":"post_tag","embeddable":true,"href":"https:\/\/www.newsrecorder.ro\/app\/wp-json\/wp\/v2\/tags?post=3640"}],"curies":[{"name":"wp","href":"https:\/\/api.w.org\/{rel}","templated":true}]}}