{"id":3642,"date":"2026-02-17T20:13:03","date_gmt":"2026-02-17T20:13:03","guid":{"rendered":"https:\/\/www.newsrecorder.ro\/app\/2026\/02\/17\/actorii-de-la-tnb-cer-demisia-ministrului-culturii-pentru-insulte-repetate-3\/"},"modified":"2026-02-17T20:13:03","modified_gmt":"2026-02-17T20:13:03","slug":"actorii-de-la-tnb-cer-demisia-ministrului-culturii-pentru-insulte-repetate-3","status":"publish","type":"post","link":"https:\/\/www.newsrecorder.ro\/app\/2026\/02\/17\/actorii-de-la-tnb-cer-demisia-ministrului-culturii-pentru-insulte-repetate-3\/","title":{"rendered":"Actorii de la TNB cer demisia ministrului Culturii pentru insulte repetate"},"content":{"rendered":"<p>Sindicatul actorilor de la Teatrul Na\u021bional \u201eI.L. Caragiale\u201d din Bucure\u0219ti a solicitat demisia ministrului Culturii, Andr\u00e1s Demeter, acuz\u00e2ndu-l de comportamente inadecvate \u0219i de jigniri repetate la adresa profesioni\u0219tilor din domeniul cultural.<\/p>\n<p>\u00centr-un comunicat de pres\u0103, sindicatul a afirmat c\u0103 \u201ecomportamentul ministrului este incompatibil cu func\u021bia sa public\u0103, iar deciziile sale afecteaz\u0103 grav sectorul cultural\u201d. Printre afirma\u021biile controversate ale ministrului se num\u0103r\u0103 comentarii precum c\u0103 unul dintre colegii lor \u201ear trebui s\u0103-\u0219i dea demisia din prostie\u201d, ceea ce a st\u00e2rnit indignarea actorilor. De asemenea, ministrul s-a referit la oamenii de cultur\u0103 folosind expresii jignitoare, precum \u201esunte\u021bi total nepreg\u0103tit\u0103, nu v-a\u021bi f\u0103cut lec\u021biile\u201d, demonstr\u00e2nd o lips\u0103 de respect fa\u021b\u0103 de comunitatea pe care ar trebui s\u0103 o sus\u021bin\u0103, conform declara\u021biilor sindicatului, preluate de <a style=\"color: #0000ff\" href=\"https:\/\/www.g4media.ro\/sindicatul-actorilor-de-la-teatrul-national-din-bucuresti-cere-demisia-ministrului-culturii-andras-demeter-a-insultat-in-repetate-randuri-public-profesionisti-din-domeniul-culturii.html\" target=\"_blank\" rel=\"noopener\">G4Media<\/a> \u0219i <a style=\"color: #0000ff\" href=\"https:\/\/www.edupedu.ro\/sindicatul-actorilor-de-la-teatrul-national-din-bucuresti-cere-demisia-ministrului-culturii-andras-demeter-a-insultat-in-repetate-randuri-public-profesionisti-din-domeniul-culturii\/\" target=\"_blank\" rel=\"noopener\">Edupedu.ro<\/a>.<\/p>\n<p>Sindicatul a criticat, de asemenea, modul \u00een care au fost organizate concursurile pentru conducerea unor institu\u021bii culturale importante, precum Opera Na\u021bional\u0103 Ia\u0219i \u0219i Teatrul Na\u021bional Bucure\u0219ti, men\u021bion\u00e2nd c\u0103 aceste competi\u021bii au ridicat \u201eprobleme serioase de credibilitate\u201d.<\/p>\n<p>\u201eDup\u0103 e\u0219uarea primului concurs pentru managementul TNB, Ministerul Culturii a modificat criteriile de participare \u00eentr-un mod discriminatoriu, excluz\u00e2nd candida\u021bi califica\u021bi prin condi\u021bii nejustificat de restrictive. De\u0219i ministrul a declarat public c\u0103 nu va face acest lucru, consider\u0103m c\u0103 actualul concurs nu are legitimitate, indiferent cine va fi c\u00e2\u0219tig\u0103tor\u201d, a mai precizat sindicatul.<\/p>\n<p>\u00cen plus, sindicatul a adus \u00een discu\u021bie scandalul recent legat de emiterea \u0219i retragerea unei circulare privind normarea birocratic\u0103 a muncii artistice. Aceast\u0103 situa\u021bie eviden\u021biaz\u0103, \u00een opinia lor, \u201elipsa de \u00een\u021belegere a specificului activit\u0103\u021bii culturale \u0219i inconsecven\u021ba \u00een decizii\u201d.<\/p>\n<p>La \u00eenceputul acestei s\u0103pt\u0103m\u00e2ni, actorii de la Teatrul Na\u021bional \u201eI.L. Caragiale\u201d au <a style=\"color: #0000ff\" href=\"https:\/\/www.mediafax.ro\/cultura-media\/protest-al-actorilor-tnb-ministrul-culturii-anunta-retragerea-propunerii-de-normare-a-muncii-artistilor-23684726\">protestat<\/a> \u00een fa\u021ba institu\u021biei \u00eempotriva unui proiect-pilot transmis de Ministerul Culturii, care viza organizarea unitar\u0103 \u0219i eviden\u021ba timpului de munc\u0103. Ca r\u0103spuns la aceste proteste, ministrul Culturii a <a style=\"color: #0000ff\" href=\"https:\/\/www.mediafax.ro\/cultura-media\/ministrul-culturii-face-un-pas-in-spate-dupa-protestele-actorilor-a-dispus-incetarea-masurilor-de-control-a-timpului-de-munca-in-institutiile-de-spectacol-23685488\">anun\u021bat retragerea<\/a> instruc\u021biunilor din Circulara nr. 965\/11.02.2026, care prevedea suspendarea m\u0103surilor administrative ini\u021biate pe baza acestora.<\/p>\n","protected":false},"excerpt":{"rendered":"<p>Sindicatul actorilor de la Teatrul Na\u021bional \u201eI.L. Caragiale\u201d din Bucure\u0219ti a solicitat demisia ministrului Culturii, Andr\u00e1s Demeter, acuz\u00e2ndu-l de comportamente inadecvate \u0219i de jigniri repetate la adresa profesioni\u0219tilor din domeniul cultural. \u00centr-un comunicat de pres\u0103, sindicatul a afirmat c\u0103 \u201ecomportamentul ministrului este incompatibil cu func\u021bia sa public\u0103, iar deciziile sale afecteaz\u0103 grav sectorul cultural\u201d. Printre [&hellip;]<\/p>\n","protected":false},"author":7,"featured_media":3643,"comment_status":"open","ping_status":"open","sticky":false,"template":"","format":"standard","meta":{"jnews-multi-image_gallery":[],"jnews_single_post":[],"jnews_primary_category":[],"jnews_override_counter":[],"footnotes":""},"categories":[43],"tags":[343,362,5519,214,2079,345,1837,576],"class_list":["post-3642","post","type-post","status-publish","format-standard","has-post-thumbnail","hentry","category-cultura","tag-andras-demeter","tag-bucuresti","tag-comportamente-inadecvate","tag-cultura","tag-demisie","tag-jigniri","tag-sindicat","tag-teatru"],"_links":{"self":[{"href":"https:\/\/www.newsrecorder.ro\/app\/wp-json\/wp\/v2\/posts\/3642","targetHints":{"allow":["GET"]}}],"collection":[{"href":"https:\/\/www.newsrecorder.ro\/app\/wp-json\/wp\/v2\/posts"}],"about":[{"href":"https:\/\/www.newsrecorder.ro\/app\/wp-json\/wp\/v2\/types\/post"}],"author":[{"embeddable":true,"href":"https:\/\/www.newsrecorder.ro\/app\/wp-json\/wp\/v2\/users\/7"}],"replies":[{"embeddable":true,"href":"https:\/\/www.newsrecorder.ro\/app\/wp-json\/wp\/v2\/comments?post=3642"}],"version-history":[{"count":0,"href":"https:\/\/www.newsrecorder.ro\/app\/wp-json\/wp\/v2\/posts\/3642\/revisions"}],"wp:featuredmedia":[{"embeddable":true,"href":"https:\/\/www.newsrecorder.ro\/app\/wp-json\/wp\/v2\/media\/3643"}],"wp:attachment":[{"href":"https:\/\/www.newsrecorder.ro\/app\/wp-json\/wp\/v2\/media?parent=3642"}],"wp:term":[{"taxonomy":"category","embeddable":true,"href":"https:\/\/www.newsrecorder.ro\/app\/wp-json\/wp\/v2\/categories?post=3642"},{"taxonomy":"post_tag","embeddable":true,"href":"https:\/\/www.newsrecorder.ro\/app\/wp-json\/wp\/v2\/tags?post=3642"}],"curies":[{"name":"wp","href":"https:\/\/api.w.org\/{rel}","templated":true}]}}