{"id":3644,"date":"2026-02-17T20:13:23","date_gmt":"2026-02-17T20:13:23","guid":{"rendered":"https:\/\/www.newsrecorder.ro\/app\/2026\/02\/17\/tu-esti-brancusi-oglinda-gigantica-a-portii-sarutului-te-asteapta\/"},"modified":"2026-02-17T20:13:23","modified_gmt":"2026-02-17T20:13:23","slug":"tu-esti-brancusi-oglinda-gigantica-a-portii-sarutului-te-asteapta","status":"publish","type":"post","link":"https:\/\/www.newsrecorder.ro\/app\/2026\/02\/17\/tu-esti-brancusi-oglinda-gigantica-a-portii-sarutului-te-asteapta\/","title":{"rendered":"\u201eTu e\u0219ti Br\u00e2ncu\u0219i\u201d: Oglinda gigantic\u0103 a \u201ePor\u021bii S\u0103rutului\u201d te a\u0219teapt\u0103!"},"content":{"rendered":"<p>Vineri, la Palatul Cesianu-Racovi\u021b\u0103, a fost lansat un proiect cultural inovator intitulat \u201eTu e\u0219ti Br\u00e2ncu\u0219i\u201d, realizat de Centrul de Cercetare, Documentare \u0219i Promovare \u201eConstantin Br\u00e2ncu\u0219i\u201d \u00een colaborare cu Artmark. Aceast\u0103 ini\u021biativ\u0103 marcheaz\u0103 Anul <a href=\"https:\/\/www.mediafax.ro\/politic\/anul-2026-va-fi-anul-constantin-brancusi-legea-a-fost-promulgata-de-nicusor-dan-23585363\">Br\u00e2ncu\u0219i<\/a>, decretat prin lege ca an aniversar cu ocazia \u00eemplinirii a 150 de ani de la na\u0219terea marelui artist.<\/p>\n<p>Proiectul introduce o interven\u021bie artistic\u0103 captivant\u0103, const\u00e2nd \u00een recrearea \u201ePor\u021bii S\u0103rutului\u201d din oglind\u0103, amplasat\u0103 la intrarea \u00een curtea Palatului Cesianu-Racovi\u021b\u0103 din Bucure\u0219ti.<\/p>\n<p>\u00cen perioada 13 februarie \u2013 9 martie, aceast\u0103 monumental\u0103 \u201ePoart\u0103 a S\u0103rutului\u201d nu va fi doar un simplu obiect de admirat, ci \u0219i un loc \u00een care vizitatorii se pot oglindi, av\u00e2nd astfel ocazia de a se privi pe sine \u00een reflexia artei br\u00e2ncu\u0219iene.<\/p>\n<p>A\u0219ezat\u0103 strategic la intrarea \u00een curte, Poarta devine un simbol al trecerii, dar \u0219i al unit\u0103\u021bii \u0219i continuit\u0103\u021bii \u00eentre trecut \u0219i prezent.<\/p>\n<p>Accesul publicului la poarta \u201eTu e\u0219ti Br\u00e2ncu\u0219i\u201d este gratuit, iar trec\u0103torii sunt \u00eencuraja\u021bi s\u0103 \u00ee\u0219i fac\u0103 fotografii \u0219i s\u0103 le \u00eemp\u0103rt\u0103\u0219easc\u0103 pe re\u021belele sociale.<\/p>\n<p>\u201eBr\u00e2ncu\u0219i ne prive\u0219te pe to\u021bi\u201d este un mesaj puternic care rezoneaz\u0103 cu vizitatorii galeriilor Artmark, unde \u00eent\u00e2lnirea cu Br\u00e2ncu\u0219i poate continua.<\/p>\n<p>La Palatul Cesianu se g\u0103se\u0219te o schi\u021b\u0103 de atelier semnificativ\u0103 a lui Br\u00e2ncu\u0219i, care va fi inclus\u0103 \u00een Licita\u021bia de Art\u0103 Postbelic\u0103 \u0219i Contemporan\u0103 programat\u0103 pentru 19 februarie, data na\u0219terii artistului \u0219i Ziua Na\u021bional\u0103 \u201eConstantin Br\u00e2ncu\u0219i\u201d, ce va avea loc la Casa A10 by Artmark.<\/p>\n<p>Schi\u021ba, provenind dintr-o cunoscut\u0103 colec\u021bie istoric\u0103, are un pre\u021b de pornire de 8.000 de euro \u0219i este asociat\u0103 cu \u201ecioplitorul\u201d lui Br\u00e2ncu\u0219i, ucenicul care l-a ajutat \u00een realizarea trilogiei monumentale de la T\u00e2rgu Jiu, cunoscut\u0103 sub numele de \u201eCalea Eroilor\u201d.<\/p>\n<p>\u201eNe-am asumat acest proiect deoarece Poarta S\u0103rutului este unul dintre semnele esen\u021biale ale universului br\u00e2ncu\u0219ian, iar simbolul s\u0103u se reg\u0103se\u0219te \u0219i \u00een identitatea noastr\u0103 vizual\u0103. Br\u00e2ncu\u0219i ne prive\u0219te pe to\u021bi!\u201d, a declarat Cornel Mihalache, directorul Centrului de Cercetare, Documentare \u0219i Promovare \u201eConstantin Br\u00e2ncu\u0219i\u201d.<\/p>\n","protected":false},"excerpt":{"rendered":"<p>Vineri, la Palatul Cesianu-Racovi\u021b\u0103, a fost lansat un proiect cultural inovator intitulat \u201eTu e\u0219ti Br\u00e2ncu\u0219i\u201d, realizat de Centrul de Cercetare, Documentare \u0219i Promovare \u201eConstantin Br\u00e2ncu\u0219i\u201d \u00een colaborare cu Artmark. Aceast\u0103 ini\u021biativ\u0103 marcheaz\u0103 Anul Br\u00e2ncu\u0219i, decretat prin lege ca an aniversar cu ocazia \u00eemplinirii a 150 de ani de la na\u0219terea marelui artist. Proiectul introduce o [&hellip;]<\/p>\n","protected":false},"author":7,"featured_media":3645,"comment_status":"open","ping_status":"open","sticky":false,"template":"","format":"standard","meta":{"jnews-multi-image_gallery":[],"jnews_single_post":[],"jnews_primary_category":[],"jnews_override_counter":[],"footnotes":""},"categories":[43],"tags":[4866,2367,362,214,4865,3071,4864,5277],"class_list":["post-3644","post","type-post","status-publish","format-standard","has-post-thumbnail","hentry","category-cultura","tag-an-brancusi","tag-arta","tag-bucuresti","tag-cultura","tag-interventie-artistica","tag-palatul-cesianu-racovita","tag-poarta-sarutului","tag-tu-esti-brancusi"],"_links":{"self":[{"href":"https:\/\/www.newsrecorder.ro\/app\/wp-json\/wp\/v2\/posts\/3644","targetHints":{"allow":["GET"]}}],"collection":[{"href":"https:\/\/www.newsrecorder.ro\/app\/wp-json\/wp\/v2\/posts"}],"about":[{"href":"https:\/\/www.newsrecorder.ro\/app\/wp-json\/wp\/v2\/types\/post"}],"author":[{"embeddable":true,"href":"https:\/\/www.newsrecorder.ro\/app\/wp-json\/wp\/v2\/users\/7"}],"replies":[{"embeddable":true,"href":"https:\/\/www.newsrecorder.ro\/app\/wp-json\/wp\/v2\/comments?post=3644"}],"version-history":[{"count":0,"href":"https:\/\/www.newsrecorder.ro\/app\/wp-json\/wp\/v2\/posts\/3644\/revisions"}],"wp:featuredmedia":[{"embeddable":true,"href":"https:\/\/www.newsrecorder.ro\/app\/wp-json\/wp\/v2\/media\/3645"}],"wp:attachment":[{"href":"https:\/\/www.newsrecorder.ro\/app\/wp-json\/wp\/v2\/media?parent=3644"}],"wp:term":[{"taxonomy":"category","embeddable":true,"href":"https:\/\/www.newsrecorder.ro\/app\/wp-json\/wp\/v2\/categories?post=3644"},{"taxonomy":"post_tag","embeddable":true,"href":"https:\/\/www.newsrecorder.ro\/app\/wp-json\/wp\/v2\/tags?post=3644"}],"curies":[{"name":"wp","href":"https:\/\/api.w.org\/{rel}","templated":true}]}}