{"id":3668,"date":"2026-02-18T00:43:07","date_gmt":"2026-02-18T00:43:07","guid":{"rendered":"https:\/\/www.newsrecorder.ro\/app\/2026\/02\/18\/bolojan-ccr-ar-putea-costa-romania-bani-din-cauza-pensiilor\/"},"modified":"2026-02-18T00:43:07","modified_gmt":"2026-02-18T00:43:07","slug":"bolojan-ccr-ar-putea-costa-romania-bani-din-cauza-pensiilor","status":"publish","type":"post","link":"https:\/\/www.newsrecorder.ro\/app\/2026\/02\/18\/bolojan-ccr-ar-putea-costa-romania-bani-din-cauza-pensiilor\/","title":{"rendered":"Bolojan: CCR ar putea costa Rom\u00e2nia bani din cauza pensiilor!"},"content":{"rendered":"<p>Ilie Bolojan, \u00een cadrul unui interviu acordat TVR, a subliniat importan\u021ba crucial\u0103 a deciziei pe care Curtea Constitu\u021bional\u0103 a Rom\u00e2niei (CCR) urmeaz\u0103 s\u0103 o pronun\u021be referitor la pensiile magistra\u021bilor. Aceast\u0103 hot\u0103r\u00e2re nu influen\u021beaz\u0103 doar \u00eencrederea publicului \u00een institu\u021bii, ci \u0219i stabilitatea financiar\u0103 a \u021b\u0103rii.<\/p>\n<p>Premierul a criticat \u00eent\u00e2rzierile repetate \u00een procesul decizional \u0219i a avertizat c\u0103 Rom\u00e2nia se confrunt\u0103 cu riscul de a pierde fonduri europene esen\u021biale dac\u0103 situa\u021bia nu este clarificat\u0103 rapid. \u00cen acest context, <a href=\"https:\/\/www.mediafax.ro\/politic\/bolojan-spune-ca-pachetul-pentru-administratie-si-cel-de-relansare-economica-vor-fi-adoptate-la-inceputul-saptamanii-viitoare-23688487\">Bolojan<\/a> a pus accent pe faptul c\u0103 am\u00e2n\u0103rile \u0219i dezbaterile prelungite afecteaz\u0103 grav credibilitatea institu\u021biilor statului:<\/p>\n<p>\u201eAm\u00e2n\u0103rile care au avut loc p\u00e2n\u0103 acum \u0219i toate discu\u021biile din spa\u021biul public pe aceast\u0103 tem\u0103 nu contribuie deloc la cre\u0219terea \u00eencrederii \u00een Curtea Constitu\u021bional\u0103, \u00een sistemul de justi\u021bie sau \u00een cel politic\u201d, a declarat premierul.<\/p>\n<p>Referindu-se la pensiile speciale, Bolojan a condamnat at\u00e2t nivelul acestora, c\u00e2t \u0219i v\u00e2rsta de pensionare, afirm\u00e2nd c\u0103 situa\u021bia actual\u0103 este inacceptabil\u0103 pentru societate: \u201eNiciun rom\u00e2n nu va accepta ca o pensie s\u0103 fie echivalent\u0103 cu ultimul salariu \u0219i ca cineva aflat \u00een plin\u0103 capacitate fizic\u0103 \u0219i intelectual\u0103 s\u0103 se pensioneze la 48 sau 50 de ani. Aceasta este o situa\u021bie anormal\u0103, iar diferen\u021ba fa\u021b\u0103 de pensiile medii este insuportabil\u0103.\u201d<\/p>\n<p>Premierul consider\u0103 c\u0103 reformele sunt esen\u021biale pentru a rec\u00e2\u0219tiga \u00eencrederea cet\u0103\u021benilor \u0219i a asigura stabilitatea politic\u0103: \u201eDac\u0103 partidele aflate la guvernare nu vor reu\u0219i s\u0103 demonstreze c\u0103 lucr\u0103m \u00een interesul cet\u0103\u021benilor, cu siguran\u021b\u0103 vom avea un vot \u00een 2028 de care va trebui s\u0103 discut\u0103m, dac\u0103 vom mai avea ocazia s\u0103 dialog\u0103m atunci.\u201d<\/p>\n<p>Bolojan a explicat c\u0103 proiectul legislativ referitor la pensiile magistra\u021bilor a fost elaborat conform deciziilor anterioare ale CCR: \u201eAcest proiect a fost preg\u0103tit de guvern av\u00e2nd \u00een vedere toate prevederile constitu\u021bionale \u0219i, din punctul nostru de vedere, este constitu\u021bional.\u201d<\/p>\n<p>Cu toate acestea, el a recunoscut c\u0103 verdictul final r\u0103m\u00e2ne \u00een m\u00e2inile Cur\u021bii: \u201eDecizia Cur\u021bii este, desigur, a\u0219teptat\u0103. Sper ca \u00een ultimul moment s\u0103 ajung\u0103 la o concluzie.\u201d<\/p>\n<p>Bolojan a avertizat c\u0103 o nou\u0103 am\u00e2nare ar putea avea repercusiuni financiare grave pentru Rom\u00e2nia:<\/p>\n<p>\u201eDac\u0103 se am\u00e2n\u0103 din nou o astfel de decizie, este foarte probabil ca Rom\u00e2nia s\u0103 piard\u0103 cei 231 de milioane de euro care sunt re\u021binu\u021bi din cererea de plat\u0103 anterioar\u0103.\u201d<\/p>\n<p>Conform premierului, Comisia European\u0103 consider\u0103 c\u0103 acest jalon nu a fost \u00eendeplinit: \u201eNe-au comunicat c\u0103, din perspectiva lor, jalonul este ne\u00eendeplinit, dar vor face o comunicare oficial\u0103 spre sf\u00e2r\u0219itul lunii februarie.\u201d<\/p>\n","protected":false},"excerpt":{"rendered":"<p>Ilie Bolojan, \u00een cadrul unui interviu acordat TVR, a subliniat importan\u021ba crucial\u0103 a deciziei pe care Curtea Constitu\u021bional\u0103 a Rom\u00e2niei (CCR) urmeaz\u0103 s\u0103 o pronun\u021be referitor la pensiile magistra\u021bilor. Aceast\u0103 hot\u0103r\u00e2re nu influen\u021beaz\u0103 doar \u00eencrederea publicului \u00een institu\u021bii, ci \u0219i stabilitatea financiar\u0103 a \u021b\u0103rii. Premierul a criticat \u00eent\u00e2rzierile repetate \u00een procesul decizional \u0219i a avertizat [&hellip;]<\/p>\n","protected":false},"author":2,"featured_media":3669,"comment_status":"open","ping_status":"open","sticky":false,"template":"","format":"standard","meta":{"jnews-multi-image_gallery":[],"jnews_single_post":[],"jnews_primary_category":[],"jnews_override_counter":[],"footnotes":""},"categories":[42],"tags":[5874,2246,1766,302,5873,1319,5872,1455],"class_list":["post-3668","post","type-post","status-publish","format-standard","has-post-thumbnail","hentry","category-politica","tag-credibilitate-institutii","tag-curtea-constitutionala","tag-fonduri-europene","tag-ilie-bolojan","tag-incredere-public","tag-justitie","tag-pensii-magistrati","tag-stabilitate-financiara"],"_links":{"self":[{"href":"https:\/\/www.newsrecorder.ro\/app\/wp-json\/wp\/v2\/posts\/3668","targetHints":{"allow":["GET"]}}],"collection":[{"href":"https:\/\/www.newsrecorder.ro\/app\/wp-json\/wp\/v2\/posts"}],"about":[{"href":"https:\/\/www.newsrecorder.ro\/app\/wp-json\/wp\/v2\/types\/post"}],"author":[{"embeddable":true,"href":"https:\/\/www.newsrecorder.ro\/app\/wp-json\/wp\/v2\/users\/2"}],"replies":[{"embeddable":true,"href":"https:\/\/www.newsrecorder.ro\/app\/wp-json\/wp\/v2\/comments?post=3668"}],"version-history":[{"count":0,"href":"https:\/\/www.newsrecorder.ro\/app\/wp-json\/wp\/v2\/posts\/3668\/revisions"}],"wp:featuredmedia":[{"embeddable":true,"href":"https:\/\/www.newsrecorder.ro\/app\/wp-json\/wp\/v2\/media\/3669"}],"wp:attachment":[{"href":"https:\/\/www.newsrecorder.ro\/app\/wp-json\/wp\/v2\/media?parent=3668"}],"wp:term":[{"taxonomy":"category","embeddable":true,"href":"https:\/\/www.newsrecorder.ro\/app\/wp-json\/wp\/v2\/categories?post=3668"},{"taxonomy":"post_tag","embeddable":true,"href":"https:\/\/www.newsrecorder.ro\/app\/wp-json\/wp\/v2\/tags?post=3668"}],"curies":[{"name":"wp","href":"https:\/\/api.w.org\/{rel}","templated":true}]}}