{"id":3672,"date":"2026-02-18T00:43:52","date_gmt":"2026-02-18T00:43:52","guid":{"rendered":"https:\/\/www.newsrecorder.ro\/app\/2026\/02\/18\/bolojan-anunta-adoptarea-pachetelor-pentru-administratie-si-economie-saptamana-viitoare\/"},"modified":"2026-02-18T00:43:52","modified_gmt":"2026-02-18T00:43:52","slug":"bolojan-anunta-adoptarea-pachetelor-pentru-administratie-si-economie-saptamana-viitoare","status":"publish","type":"post","link":"https:\/\/www.newsrecorder.ro\/app\/2026\/02\/18\/bolojan-anunta-adoptarea-pachetelor-pentru-administratie-si-economie-saptamana-viitoare\/","title":{"rendered":"Bolojan anun\u021b\u0103 adoptarea pachetelor pentru administra\u021bie \u0219i economie s\u0103pt\u0103m\u00e2na viitoare!"},"content":{"rendered":"<p>\u201eNe afl\u0103m \u00een fa\u021ba unor decizii esen\u021biale pe care trebuie s\u0103 le implement\u0103m. <strong>Cea mai crucial\u0103 este legat\u0103 de elaborarea unui buget realist c\u00e2t mai cur\u00e2nd posibil. Ideal ar fi s\u0103 finaliz\u0103m acest buget p\u00e2n\u0103 la sf\u00e2r\u0219itul s\u0103pt\u0103m\u00e2nii viitoare<\/strong>, astfel \u00eenc\u00e2t s\u0103 putem \u00eencheia toate discu\u021biile referitoare la aloc\u0103rile principale, proiectele de investi\u021bii \u0219i alte aspecte bugetare\u201d, a declarat <a href=\"https:\/\/www.mediafax.ro\/politic\/ilie-bolojan-anunta-reforma-cresterea-varstei-de-pensionare-in-domeniile-cu-deficit-de-personal-ordinea-publica-si-apararea-in-vizor-de-premierului-23688504\">Bolojan<\/a> \u00een cadrul unei emisiuni de la TVR 1.<\/p>\n<p>Premierul a subliniat c\u0103, \u00eenainte de finalizarea bugetului, Guvernul are \u00een plan s\u0103 adopte, la \u00eenceputul s\u0103pt\u0103m\u00e2nii viitoare, pachetul destinat administra\u021biei \u0219i pachetul de relansare economic\u0103.<\/p>\n<p><strong>\u201e\u00cen preg\u0103tirea bugetului, consider c\u0103 ar fi benefic s\u0103 adopt\u0103m, \u0219i vom face acest lucru, pachetul pentru administra\u021bie \u0219i cel de relansare economic\u0103 la \u00eenceputul s\u0103pt\u0103m\u00e2nii viitoare, din motive de calendar\u201d,<\/strong> a afirmat Bolojan.<\/p>\n<p>Acesta a men\u021bionat c\u0103 s-au analizat \u0219i alte m\u0103suri destinate economisirii la cheltuielile de baz\u0103, pentru a crea \u201espa\u021bii fiscale care s\u0103 sus\u021bin\u0103 investi\u021biile \u00een acest an\u201d.<\/p>\n<p>\u201eAu fost discutate mai multe m\u0103suri la propunerea Ministerului de Finan\u021be, inclusiv aspectele legate de o reducere a cheltuielilor de aproximativ 10% \u00een administra\u021bie. Indiferent de opinie, este esen\u021bial s\u0103 realiz\u0103m un audit de personal \u00een fiecare institu\u021bie. Acolo unde se identific\u0103 oportunit\u0103\u021bi de reducere a cheltuielilor, \u00een special \u00een cazul personalului supradimensionat, este ra\u021bional s\u0103 ac\u021bion\u0103m \u00een acest sens. Aceste cheltuieli de baz\u0103 cresc de-a lungul anilor, iar Rom\u00e2nia, neav\u00e2nd suficiente venituri proprii pentru a asigura echilibrele bugetare, este nevoit\u0103 s\u0103 se \u00eemprumute cu sume considerabile. \u00cen esen\u021b\u0103, risipim ace\u0219ti bani, iar aceast\u0103 m\u0103sur\u0103 trebuie implementat\u0103 pentru a avea efecte pe termen lung\u201d, a explicat Bolojan.<\/p>\n<p><strong>Ordine public\u0103 \u0219i ap\u0103rare: economii prin cre\u0219terea v\u00e2rstei de pensionare<\/strong><\/p>\n<p>\u201e\u00cen domeniul ordinii publice \u0219i al ap\u0103r\u0103rii, unde \u00een prezent nu dispunem de un surplus de personal, economiile la fondul de salarii se pot realiza prin cre\u0219terea v\u00e2rstei de pensionare\u201d, a declarat premierul.<\/p>\n<p>Bolojan a subliniat c\u0103 aceast\u0103 m\u0103sur\u0103 este necesar\u0103: \u201eEste o m\u0103sur\u0103 pe care nu o putem evita, at\u00e2t din perspectiva sustenabilit\u0103\u021bii fondului de pensii, c\u00e2t \u0219i din considerente bugetare \u0219i economice\u201d.<\/p>\n<p>Premierul a adus \u00een discu\u021bie \u0219i un argument demografic: \u201eNu ne mai putem permite s\u0103 pension\u0103m oameni \u00een plin\u0103 for\u021b\u0103 fizic\u0103 \u0219i intelectual\u0103 la 50, 51 sau 52 de ani, av\u00e2nd \u00een vedere c\u0103 genera\u021biile care ies la pensie num\u0103r\u0103 \u00eentre 300-400 de mii de rom\u00e2ni, \u00een timp ce genera\u021biile care vin s\u0103 le \u00eenlocuiasc\u0103 sunt din ce \u00een ce mai reduse\u201d.<\/p>\n","protected":false},"excerpt":{"rendered":"<p>\u201eNe afl\u0103m \u00een fa\u021ba unor decizii esen\u021biale pe care trebuie s\u0103 le implement\u0103m. Cea mai crucial\u0103 este legat\u0103 de elaborarea unui buget realist c\u00e2t mai cur\u00e2nd posibil. Ideal ar fi s\u0103 finaliz\u0103m acest buget p\u00e2n\u0103 la sf\u00e2r\u0219itul s\u0103pt\u0103m\u00e2nii viitoare, astfel \u00eenc\u00e2t s\u0103 putem \u00eencheia toate discu\u021biile referitoare la aloc\u0103rile principale, proiectele de investi\u021bii \u0219i alte [&hellip;]<\/p>\n","protected":false},"author":2,"featured_media":3673,"comment_status":"open","ping_status":"open","sticky":false,"template":"","format":"standard","meta":{"jnews-multi-image_gallery":[],"jnews_single_post":[],"jnews_primary_category":[],"jnews_override_counter":[],"footnotes":""},"categories":[42],"tags":[1360,5879,1068,5878,420,5880,1684,5881],"class_list":["post-3672","post","type-post","status-publish","format-standard","has-post-thumbnail","hentry","category-politica","tag-administratie","tag-alocari-principale","tag-buget","tag-decizii-esentiale","tag-investitii","tag-masuri-economisire","tag-relansare-economica","tag-tvr-1"],"_links":{"self":[{"href":"https:\/\/www.newsrecorder.ro\/app\/wp-json\/wp\/v2\/posts\/3672","targetHints":{"allow":["GET"]}}],"collection":[{"href":"https:\/\/www.newsrecorder.ro\/app\/wp-json\/wp\/v2\/posts"}],"about":[{"href":"https:\/\/www.newsrecorder.ro\/app\/wp-json\/wp\/v2\/types\/post"}],"author":[{"embeddable":true,"href":"https:\/\/www.newsrecorder.ro\/app\/wp-json\/wp\/v2\/users\/2"}],"replies":[{"embeddable":true,"href":"https:\/\/www.newsrecorder.ro\/app\/wp-json\/wp\/v2\/comments?post=3672"}],"version-history":[{"count":0,"href":"https:\/\/www.newsrecorder.ro\/app\/wp-json\/wp\/v2\/posts\/3672\/revisions"}],"wp:featuredmedia":[{"embeddable":true,"href":"https:\/\/www.newsrecorder.ro\/app\/wp-json\/wp\/v2\/media\/3673"}],"wp:attachment":[{"href":"https:\/\/www.newsrecorder.ro\/app\/wp-json\/wp\/v2\/media?parent=3672"}],"wp:term":[{"taxonomy":"category","embeddable":true,"href":"https:\/\/www.newsrecorder.ro\/app\/wp-json\/wp\/v2\/categories?post=3672"},{"taxonomy":"post_tag","embeddable":true,"href":"https:\/\/www.newsrecorder.ro\/app\/wp-json\/wp\/v2\/tags?post=3672"}],"curies":[{"name":"wp","href":"https:\/\/api.w.org\/{rel}","templated":true}]}}