{"id":3674,"date":"2026-02-18T00:44:09","date_gmt":"2026-02-18T00:44:09","guid":{"rendered":"https:\/\/www.newsrecorder.ro\/app\/2026\/02\/18\/bolojan-propune-cresterea-varstei-de-pensionare-pentru-a-rezolva-deficitul-de-personal\/"},"modified":"2026-02-18T00:44:09","modified_gmt":"2026-02-18T00:44:09","slug":"bolojan-propune-cresterea-varstei-de-pensionare-pentru-a-rezolva-deficitul-de-personal","status":"publish","type":"post","link":"https:\/\/www.newsrecorder.ro\/app\/2026\/02\/18\/bolojan-propune-cresterea-varstei-de-pensionare-pentru-a-rezolva-deficitul-de-personal\/","title":{"rendered":"Bolojan propune cre\u0219terea v\u00e2rstei de pensionare pentru a rezolva deficitul de personal!"},"content":{"rendered":"<p>Premierul a subliniat recent c\u0103 nu mai este fezabil s\u0103 pension\u0103m persoanele \u00een plin apogeu al for\u021bei de munc\u0103 la v\u00e2rsta de 50 de ani, afirm\u00e2nd c\u0103 aceast\u0103 decizie nu este motivat\u0103 politic, ci este dictat\u0103 de necesit\u0103\u021bile de sustenabilitate ale sistemului de pensii.<\/p>\n<p>\u201eEste o necesitate pe care nu o putem evita, at\u00e2t din considerente de sustenabilitate a fondului de pensii, c\u00e2t \u0219i din motive legate de cheltuielile bugetare \u0219i de o economie mai s\u0103n\u0103toas\u0103\u201d, a declarat premierul Bolojan.<\/p>\n<p>Acesta a subliniat c\u0103, \u00een special \u00een <strong>domenii precum ordinea public\u0103 \u0219i ap\u0103rarea<\/strong>, unde personalul este deja insuficient, economiile nu vor proveni din concedieri, ci din <strong>cre\u0219terea v\u00e2rstei de pensionare<\/strong>.<\/p>\n<p>\u201eNu ne mai putem permite s\u0103 pension\u0103m oameni \u00een deplin\u0103tatea for\u021bei fizice \u0219i intelectuale la 50, 51, 52 de ani, \u00een condi\u021biile \u00een care num\u0103rul celor care ies la pensie se ridic\u0103 la 300\u2013400 de mii de rom\u00e2ni, iar genera\u021biile care vin s\u0103 le \u00eenlocuiasc\u0103 sunt tot mai reduse\u201d, a detaliat premierul.<\/p>\n<p><strong>Demografia, un argument central<\/strong><\/p>\n<p>Bolojan a corelat necesitatea reformei cu sc\u0103derea natalit\u0103\u021bii \u0219i reducerea popula\u021biei. \u201eAnul trecut am avut aproximativ 150 de mii de na\u0219teri \u00een Rom\u00e2nia, ceea ce sugereaz\u0103 c\u0103 vom \u00eent\u00e2mpina dificult\u0103\u021bi \u00een sus\u021binerea sistemului de pensii \u00een anii urm\u0103tori\u201d, a spus el.<\/p>\n<p>\u00cen plus, premierul a men\u021bionat date alarmante referitoare la migrarea popula\u021biei: Rom\u00e2nia a pierdut 4 milioane de locuitori \u00een ultimele 35 de ani, iar 2024 ar putea marca un record de emigrare \u00een ultimele trei decenii.<\/p>\n<p>Guvernul consider\u0103 c\u0103 \u00eembun\u0103t\u0103\u021birea condi\u021biilor economice \u0219i a serviciilor publice ar putea contribui la limitarea emigra\u021biei \u0219i ar putea sus\u021bine, indirect, natalitatea: \u201eCu c\u00e2t vom reu\u0219i s\u0103 cre\u0103m servicii publice mai bune \u0219i oportunit\u0103\u021bi pentru tineri, cu at\u00e2t num\u0103rul celor care r\u0103m\u00e2n \u00een \u021bar\u0103 va cre\u0219te, ceea ce va influen\u021ba \u0219i natalitatea\u201d, a ad\u0103ugat premierul.<\/p>\n<p><strong>Deficitul \u0219i costul datoriei: \u201epeste 10 miliarde euro dob\u00e2nzi anual\u201d<\/strong><\/p>\n<p>Premierul a plasat reforma \u00eentr-un context mai larg, subliniind presiunile bugetare \u0219i costurile \u00eemprumuturilor statului. \u201eNu po\u021bi corecta deficite enorme \u0219i \u00eemprumuturi foarte mari, cu dob\u00e2nzi de peste 10 miliarde de euro anual, dec\u00e2t prin reducerea cheltuielilor, cre\u0219terea veniturilor \u0219i construirea unei economii mai puternice\u201d, a declarat Bolojan, ad\u0103ug\u00e2nd c\u0103 ajust\u0103rile nu pot produce rezultate imediate.<\/p>\n<p>Premierul a insistat c\u0103 pachetul de schimb\u0103ri nu este influen\u021bat de configura\u021biile politice, afirm\u00e2nd: \u201eAceste m\u0103suri nu depind de structura guvernului sau de numele premierului, ci de responsabilitatea de a construi o economie s\u0103n\u0103toas\u0103.\u201d<\/p>\n","protected":false},"excerpt":{"rendered":"<p>Premierul a subliniat recent c\u0103 nu mai este fezabil s\u0103 pension\u0103m persoanele \u00een plin apogeu al for\u021bei de munc\u0103 la v\u00e2rsta de 50 de ani, afirm\u00e2nd c\u0103 aceast\u0103 decizie nu este motivat\u0103 politic, ci este dictat\u0103 de necesit\u0103\u021bile de sustenabilitate ale sistemului de pensii. \u201eEste o necesitate pe care nu o putem evita, at\u00e2t din [&hellip;]<\/p>\n","protected":false},"author":2,"featured_media":3675,"comment_status":"open","ping_status":"open","sticky":false,"template":"","format":"standard","meta":{"jnews-multi-image_gallery":[],"jnews_single_post":[],"jnews_primary_category":[],"jnews_override_counter":[],"footnotes":""},"categories":[42],"tags":[409,5884,780,2229,5885,5882,2890,5883],"class_list":["post-3674","post","type-post","status-publish","format-standard","has-post-thumbnail","hentry","category-politica","tag-aparare","tag-cheltuieli-bugetare","tag-economie","tag-forta-de-munca","tag-ordinea-publica","tag-pensie","tag-sustenabilitate","tag-varsta-de-pensionare"],"_links":{"self":[{"href":"https:\/\/www.newsrecorder.ro\/app\/wp-json\/wp\/v2\/posts\/3674","targetHints":{"allow":["GET"]}}],"collection":[{"href":"https:\/\/www.newsrecorder.ro\/app\/wp-json\/wp\/v2\/posts"}],"about":[{"href":"https:\/\/www.newsrecorder.ro\/app\/wp-json\/wp\/v2\/types\/post"}],"author":[{"embeddable":true,"href":"https:\/\/www.newsrecorder.ro\/app\/wp-json\/wp\/v2\/users\/2"}],"replies":[{"embeddable":true,"href":"https:\/\/www.newsrecorder.ro\/app\/wp-json\/wp\/v2\/comments?post=3674"}],"version-history":[{"count":0,"href":"https:\/\/www.newsrecorder.ro\/app\/wp-json\/wp\/v2\/posts\/3674\/revisions"}],"wp:featuredmedia":[{"embeddable":true,"href":"https:\/\/www.newsrecorder.ro\/app\/wp-json\/wp\/v2\/media\/3675"}],"wp:attachment":[{"href":"https:\/\/www.newsrecorder.ro\/app\/wp-json\/wp\/v2\/media?parent=3674"}],"wp:term":[{"taxonomy":"category","embeddable":true,"href":"https:\/\/www.newsrecorder.ro\/app\/wp-json\/wp\/v2\/categories?post=3674"},{"taxonomy":"post_tag","embeddable":true,"href":"https:\/\/www.newsrecorder.ro\/app\/wp-json\/wp\/v2\/tags?post=3674"}],"curies":[{"name":"wp","href":"https:\/\/api.w.org\/{rel}","templated":true}]}}