{"id":3682,"date":"2026-02-18T00:45:26","date_gmt":"2026-02-18T00:45:26","guid":{"rendered":"https:\/\/www.newsrecorder.ro\/app\/2026\/02\/18\/vicepresedintele-vance-iran-respinge-liniile-rosii-impuse-de-washington\/"},"modified":"2026-02-18T00:45:26","modified_gmt":"2026-02-18T00:45:26","slug":"vicepresedintele-vance-iran-respinge-liniile-rosii-impuse-de-washington","status":"publish","type":"post","link":"https:\/\/www.newsrecorder.ro\/app\/2026\/02\/18\/vicepresedintele-vance-iran-respinge-liniile-rosii-impuse-de-washington\/","title":{"rendered":"Vicepre\u0219edintele Vance: Iran respinge \u201eliniile ro\u0219ii\u201d impuse de Washington"},"content":{"rendered":"<p>\u00cen cadrul negocierilor desf\u0103\u0219urate \u00een aceast\u0103 diminea\u021b\u0103, Vance a declarat pentru Fox News c\u0103, \u00een ciuda progreselor, exist\u0103 \u00eenc\u0103 obstacole semnificative. \u201eUn lucru legat de negocierile de azi diminea\u021b\u0103 este c\u0103, \u00eentr-un fel, au mers bine. Au fost de acord s\u0103 se \u00eent\u00e2lneasc\u0103 ulterior, dar, \u00een alte privin\u021be, a fost foarte clar c\u0103 pre\u0219edintele a stabilit ni\u0219te limite pe care iranienii nu sunt \u00eenc\u0103 dispu\u0219i s\u0103 le recunoasc\u0103 \u0219i s\u0103 le dep\u0103\u0219easc\u0103\u201d, a afirmat el, conform unui articol publicat de <a style=\"color: #0000ff\" href=\"https:\/\/www.lefigaro.fr\/international\/jd-vance-affirme-que-l-iran-n-accepte-pas-certaines-lignes-rouges-de-trump-20260217\">Le Figaro<\/a>.<\/p>\n<p>Aceste declara\u021bii au fost f\u0103cute \u00een contextul negocierilor care au loc la Geneva, av\u00e2nd ca subiect programul nuclear al Iranului. Ministrul de Externe iranian, Abbas Araghchi, a anun\u021bat recent c\u0103 Iranul \u0219i Statele Unite au ajuns la un <a style=\"color: #0000ff\" href=\"https:\/\/www.mediafax.ro\/externe\/negocieri-nucleare-iran-sua-s-ar-fi-ajuns-la-ucord-de-principiu-la-geneva-dar-tensiunile-raman-ridicate-23688379\">acord de principiu<\/a>, ceea ce ar putea pavea calea spre un posibil acord viitor.<\/p>\n<p>At\u00e2t delega\u021bia american\u0103, c\u00e2t \u0219i cea iranian\u0103 au descris runda actual\u0103 de discu\u021bii ca fiind \u201emai constructiv\u0103\u201d dec\u00e2t cea anterioar\u0103, care a avut loc \u00een Oman. De asemenea, pre\u0219edintele iranian Masoud Pezeshkian a afirmat c\u0103 Iranul este deschis s\u0103 accepte mecanisme de verificare pentru a demonstra c\u0103 nu inten\u021bioneaz\u0103 s\u0103 dezvolte arme nucleare.<\/p>\n<p>\u00cen acela\u0219i timp, Statele Unite \u0219i-au \u00eent\u0103rit prezen\u021ba militar\u0103 \u00een Orientul Mijlociu, subliniind astfel importan\u021ba acestor negocieri \u0219i complexitatea situa\u021biei regionale.<\/p>\n","protected":false},"excerpt":{"rendered":"<p>\u00cen cadrul negocierilor desf\u0103\u0219urate \u00een aceast\u0103 diminea\u021b\u0103, Vance a declarat pentru Fox News c\u0103, \u00een ciuda progreselor, exist\u0103 \u00eenc\u0103 obstacole semnificative. \u201eUn lucru legat de negocierile de azi diminea\u021b\u0103 este c\u0103, \u00eentr-un fel, au mers bine. Au fost de acord s\u0103 se \u00eent\u00e2lneasc\u0103 ulterior, dar, \u00een alte privin\u021be, a fost foarte clar c\u0103 pre\u0219edintele a [&hellip;]<\/p>\n","protected":false},"author":2,"featured_media":3683,"comment_status":"open","ping_status":"open","sticky":false,"template":"","format":"standard","meta":{"jnews-multi-image_gallery":[],"jnews_single_post":[],"jnews_primary_category":[],"jnews_override_counter":[],"footnotes":""},"categories":[41],"tags":[632,463,5889,913,686,5890,1080,680],"class_list":["post-3682","post","type-post","status-publish","format-standard","has-post-thumbnail","hentry","category-externe","tag-acord","tag-constructie","tag-geneva","tag-iran","tag-negocieri","tag-obstacole","tag-program-nuclear","tag-statele-unite"],"_links":{"self":[{"href":"https:\/\/www.newsrecorder.ro\/app\/wp-json\/wp\/v2\/posts\/3682","targetHints":{"allow":["GET"]}}],"collection":[{"href":"https:\/\/www.newsrecorder.ro\/app\/wp-json\/wp\/v2\/posts"}],"about":[{"href":"https:\/\/www.newsrecorder.ro\/app\/wp-json\/wp\/v2\/types\/post"}],"author":[{"embeddable":true,"href":"https:\/\/www.newsrecorder.ro\/app\/wp-json\/wp\/v2\/users\/2"}],"replies":[{"embeddable":true,"href":"https:\/\/www.newsrecorder.ro\/app\/wp-json\/wp\/v2\/comments?post=3682"}],"version-history":[{"count":0,"href":"https:\/\/www.newsrecorder.ro\/app\/wp-json\/wp\/v2\/posts\/3682\/revisions"}],"wp:featuredmedia":[{"embeddable":true,"href":"https:\/\/www.newsrecorder.ro\/app\/wp-json\/wp\/v2\/media\/3683"}],"wp:attachment":[{"href":"https:\/\/www.newsrecorder.ro\/app\/wp-json\/wp\/v2\/media?parent=3682"}],"wp:term":[{"taxonomy":"category","embeddable":true,"href":"https:\/\/www.newsrecorder.ro\/app\/wp-json\/wp\/v2\/categories?post=3682"},{"taxonomy":"post_tag","embeddable":true,"href":"https:\/\/www.newsrecorder.ro\/app\/wp-json\/wp\/v2\/tags?post=3682"}],"curies":[{"name":"wp","href":"https:\/\/api.w.org\/{rel}","templated":true}]}}