{"id":3686,"date":"2026-02-18T00:46:10","date_gmt":"2026-02-18T00:46:10","guid":{"rendered":"https:\/\/www.newsrecorder.ro\/app\/2026\/02\/18\/mostenitoarea-zara-lanseaza-un-hotel-boutique-de-lux-preturi-de-vis\/"},"modified":"2026-02-18T00:46:10","modified_gmt":"2026-02-18T00:46:10","slug":"mostenitoarea-zara-lanseaza-un-hotel-boutique-de-lux-preturi-de-vis","status":"publish","type":"post","link":"https:\/\/www.newsrecorder.ro\/app\/2026\/02\/18\/mostenitoarea-zara-lanseaza-un-hotel-boutique-de-lux-preturi-de-vis\/","title":{"rendered":"Mo\u0219tenitoarea Zara lanseaz\u0103 un hotel boutique de lux: pre\u021buri de vis!"},"content":{"rendered":"<p>Dup\u0103 aproape un deceniu de munc\u0103 intens\u0103, sta\u021biunea de lux Na Praia se preg\u0103te\u0219te s\u0103 redefineasc\u0103 turismul premium \u00een zona cunoscut\u0103 drept \u201eIbiza portughez\u0103\u201d. Deschiderea oficial\u0103 este programat\u0103 pentru prim\u0103vara anului 2026, conform unui articol publicat de <a href=\"http:\/\/Eleconomista.es\">El Economista<\/a>.<\/p>\n<p>Situat\u0103 la pu\u021bin peste o or\u0103 de Lisabona, pe peninsula Tr\u00f3ia, aceast\u0103 ambi\u021bioas\u0103 dezvoltare a fost ini\u021biat\u0103 \u00een 2016, c\u00e2nd Sandra Ortega, \u00eempreun\u0103 cu grupul portughez Sonae Capital, a achizi\u021bionat un teren evaluat la 50 de milioane de euro. Aceast\u0103 zon\u0103 se remarc\u0103 prin natura sa aproape neafectat\u0103, iar investi\u021bia total\u0103 \u00een proiect este estimat\u0103 la aproximativ 250 de milioane de euro.<\/p>\n<p>Promotorii proiectului subliniaz\u0103 c\u0103 <em>\u201eNa Praia reprezint\u0103 materializarea unei viziuni construite \u00een ani de zile, orientat\u0103 c\u0103tre un turism con\u0219tient, selectiv \u0219i respectuos fa\u021b\u0103 de mediu\u201d<\/em>.<\/p>\n<p>Complexul va ocupa o suprafa\u021b\u0103 de 96 de hectare, din care doar 20% va fi construit\u0103. Printre facilit\u0103\u021bile incluse se num\u0103r\u0103 un hotel boutique cu 45 de camere dedicate exclusiv adul\u021bilor, oferind experien\u021be centrate pe lini\u0219te \u0219i relaxare, al\u0103turi de 77 de re\u0219edin\u021be private \u0219i cinci vile ultraexclusiviste. Aceste vile vor beneficia de piscine proprii, terase spa\u021bioase \u0219i servicii personalizate pentru o experien\u021b\u0103 de neuitat.<\/p>\n<p>\u00cen ceea ce prive\u0219te tarifele, pre\u021burile pentru o noapte \u00eentr-o vil\u0103 \u00eencep de la aproximativ 1.000 \u20ac \u0219i pot atinge p\u00e2n\u0103 la 8.000 \u20ac pentru cele mai exclusiviste op\u021biuni. De exemplu, cea mai premium vil\u0103 dispune de dou\u0103 dormitoare matrimoniale, dou\u0103 camere suplimentare, un living generos, sufragerie, o buc\u0103t\u0103rie complet utilat\u0103, dou\u0103 \u0219eminee, o curte interioar\u0103, o gr\u0103din\u0103 privat\u0103, o piscin\u0103 \u00eenc\u0103lzit\u0103 de mari dimensiuni \u0219i acces direct din fiecare camer\u0103 c\u0103tre exterior.<\/p>\n<p>Conceptul Na Praia este g\u00e2ndit at\u00e2t pentru cupluri \u00een c\u0103utare de lini\u0219te, c\u00e2t \u0219i pentru familii sau grupuri care doresc s\u0103 se bucure de experien\u021be de lux \u00een mijlocul naturii.<\/p>\n<p>Acest proiect face parte din a\u0219a-numita \u201ecoast\u0103 albastr\u0103 portughez\u0103\u201d, o regiune \u00een plin\u0103 expansiune ce se \u00eentinde \u00eentre Melides \u0219i Comporta, unde investi\u021biile totale \u00een turism \u0219i locuin\u021be de lux sunt estimate la aproximativ 4 miliarde de euro.<\/p>\n<p>De\u0219i conceptul a fost formulat \u00eenc\u0103 din 2011, cu primele idei venind de la arhitectul portughez Jos\u00e9 Ant\u00f3nio Uva, dezvoltarea efectiv\u0103 a demarat abia dup\u0103 achizi\u021bia terenului \u00een 2016. Proiectul a fost supus unor studii de impact asupra mediului, a suferit ajust\u0103ri arhitecturale \u0219i a avut parte de o suspendare temporar\u0103 \u00een 2023, ca urmare a obiec\u021biilor ridicate de organiza\u021biile de mediu preocupate de protejarea sistemelor de dune.<\/p>\n<p>Construc\u021bia se va concentra pe sustenabilitate, av\u00e2nd \u00een vedere mobilitatea electric\u0103 intern\u0103, conservarea florei \u0219i faunei locale, precum \u0219i integrarea armonioas\u0103 \u00een cele trei ecosisteme din zon\u0103: oceanul, dunele \u0219i estuarele.<\/p>\n<p>Na Praia nu \u00ee\u0219i propune s\u0103 fie doar o simpl\u0103 sta\u021biune de lux, ci o destina\u021bie exclusiv\u0103 pentru turi\u0219ti care caut\u0103 intimitate, experien\u021be personalizate \u0219i o natur\u0103 aproape neatins\u0103. Conceptul \u00eembin\u0103 designul sofisticat cu respectul fa\u021b\u0103 de mediu, ceea ce a determinat publica\u021bii interna\u021bionale, inclusiv Financial Times, s\u0103 includ\u0103 acest proiect pe lista celor mai a\u0219teptate deschideri hoteliere din lume \u00een 2026.<\/p>\n<p>\u00cen concluzie, peninsula Tr\u00f3ia \u0219i regiunea Comporta capteaz\u0103 din ce \u00een ce mai mult interes din partea investitorilor interna\u021bionali \u0219i a lan\u021burilor hoteliere, care aspir\u0103 s\u0103 dezvolte un segment de turism diferit fa\u021b\u0103 de modelul de mas\u0103 caracteristic altor zone mediteraneene. <strong>Prin Na Praia, Sandra Ortega se al\u0103tur\u0103 elitelor proiectelor care \u00eembin\u0103 luxul cu conservarea naturii<\/strong>, \u00eentr-o epoc\u0103 \u00een care aceste valori devin din ce \u00een ce mai c\u0103utate de turi\u0219tii cu bugete generoase.<\/p>\n","protected":false},"excerpt":{"rendered":"<p>Dup\u0103 aproape un deceniu de munc\u0103 intens\u0103, sta\u021biunea de lux Na Praia se preg\u0103te\u0219te s\u0103 redefineasc\u0103 turismul premium \u00een zona cunoscut\u0103 drept \u201eIbiza portughez\u0103\u201d. Deschiderea oficial\u0103 este programat\u0103 pentru prim\u0103vara anului 2026, conform unui articol publicat de El Economista. Situat\u0103 la pu\u021bin peste o or\u0103 de Lisabona, pe peninsula Tr\u00f3ia, aceast\u0103 ambi\u021bioas\u0103 dezvoltare a fost [&hellip;]<\/p>\n","protected":false},"author":2,"featured_media":3687,"comment_status":"open","ping_status":"open","sticky":false,"template":"","format":"standard","meta":{"jnews-multi-image_gallery":[],"jnews_single_post":[],"jnews_primary_category":[],"jnews_override_counter":[],"footnotes":""},"categories":[41],"tags":[1178,5897,368,3448,1297,5895,1468,5896],"class_list":["post-3686","post","type-post","status-publish","format-standard","has-post-thumbnail","hentry","category-externe","tag-dezvoltare","tag-ibiza-portugheza","tag-investitie","tag-lisabona","tag-mediu","tag-na-praia","tag-natura","tag-turism-premium"],"_links":{"self":[{"href":"https:\/\/www.newsrecorder.ro\/app\/wp-json\/wp\/v2\/posts\/3686","targetHints":{"allow":["GET"]}}],"collection":[{"href":"https:\/\/www.newsrecorder.ro\/app\/wp-json\/wp\/v2\/posts"}],"about":[{"href":"https:\/\/www.newsrecorder.ro\/app\/wp-json\/wp\/v2\/types\/post"}],"author":[{"embeddable":true,"href":"https:\/\/www.newsrecorder.ro\/app\/wp-json\/wp\/v2\/users\/2"}],"replies":[{"embeddable":true,"href":"https:\/\/www.newsrecorder.ro\/app\/wp-json\/wp\/v2\/comments?post=3686"}],"version-history":[{"count":0,"href":"https:\/\/www.newsrecorder.ro\/app\/wp-json\/wp\/v2\/posts\/3686\/revisions"}],"wp:featuredmedia":[{"embeddable":true,"href":"https:\/\/www.newsrecorder.ro\/app\/wp-json\/wp\/v2\/media\/3687"}],"wp:attachment":[{"href":"https:\/\/www.newsrecorder.ro\/app\/wp-json\/wp\/v2\/media?parent=3686"}],"wp:term":[{"taxonomy":"category","embeddable":true,"href":"https:\/\/www.newsrecorder.ro\/app\/wp-json\/wp\/v2\/categories?post=3686"},{"taxonomy":"post_tag","embeddable":true,"href":"https:\/\/www.newsrecorder.ro\/app\/wp-json\/wp\/v2\/tags?post=3686"}],"curies":[{"name":"wp","href":"https:\/\/api.w.org\/{rel}","templated":true}]}}