{"id":3696,"date":"2026-02-18T01:06:52","date_gmt":"2026-02-18T01:06:52","guid":{"rendered":"https:\/\/www.newsrecorder.ro\/app\/2026\/02\/18\/oana-toiu-romania-hub-de-expertiza-cibernetica-pentru-nato\/"},"modified":"2026-02-18T01:06:52","modified_gmt":"2026-02-18T01:06:52","slug":"oana-toiu-romania-hub-de-expertiza-cibernetica-pentru-nato","status":"publish","type":"post","link":"https:\/\/www.newsrecorder.ro\/app\/2026\/02\/18\/oana-toiu-romania-hub-de-expertiza-cibernetica-pentru-nato\/","title":{"rendered":"Oana \u021aoiu: Rom\u00e2nia, hub de expertiz\u0103 cibernetic\u0103 pentru NATO!"},"content":{"rendered":"<p>Ministrul afacerilor externe, Oana \u021aoiu, a avut pe data de 17 februarie 2026, o \u00eent\u00e2lnire important\u0103 cu Jean Charles Ellermann-Kingombe, Asistent Secretar General NATO pentru domeniul cibernetic \u0219i transformare digital\u0103, precum \u0219i Coordonator special pentru amenin\u021b\u0103ri hibride. Aceast\u0103 \u00eent\u00e2lnire a avut loc \u00een contextul vizitei oficialului NATO \u00een Rom\u00e2nia, conform comunicatului de pres\u0103 emis de Ministerul Afacerilor Externe.<\/p>\n<p>Discu\u021biile s-au concentrat pe amenin\u021b\u0103rile hibride \u0219i cibernetice care vizeaz\u0103 statele Aliate \u0219i partenerii considerati \u201elike-minded\u201d, provenind \u00een principal din partea Rusiei. A fost subliniat\u0103 importan\u021ba unei colabor\u0103ri mai str\u00e2nse \u00eentre statele membre pentru a contracara aceste amenin\u021b\u0103ri emergente.<\/p>\n<p>Oana \u021aoiu a subliniat rolul activ al Rom\u00e2niei \u00een domeniul securit\u0103\u021bii cibernetice, afirm\u00e2nd: \u201eRom\u00e2nia nu este doar un beneficiar de securitate, ci un hub de expertiz\u0103 cibernetic\u0103 preg\u0103tit s\u0103 ofere solu\u021bii \u0219i lec\u021bii \u00eenv\u0103\u021bate \u00eentregii Alian\u021be. G\u0103zduirea la Bucure\u0219ti a Centrului European de Competen\u021be \u00een Securitate Cibernetic\u0103 (ECCC) confirm\u0103 rolul nostru strategic \u00een acest domeniu. Experien\u021ba noastr\u0103 direct\u0103 \u00een gestionarea atacurilor hibride ne ofer\u0103 un avantaj \u00een dezvoltarea unor mecanisme de r\u0103spuns rapid \u0219i eficient, esen\u021biale pentru rezilien\u021ba colectiv\u0103 a NATO \u00een fa\u021ba noilor amenin\u021b\u0103ri cibernetice.\u201d<\/p>\n<p>\u00cen cadrul discu\u021biilor, ministrul \u021aoiu a men\u021bionat \u0219i crearea <a style=\"color: #0000ff\" href=\"https:\/\/www.mediafax.ro\/politic\/oana-toiu-participare-la-intalnirea-triunghiului-odesa-romania-ucraina-si-moldova-la-munchen-ministra-de-externe-intarim-vocea-regionala-pe-scena-globala-23687284\">Triplei Alian\u021be Cibernetice<\/a>, rezultat\u0103 \u00een urma \u00eent\u00e2lnirii trilaterale dintre Rom\u00e2nia, Republica Moldova \u0219i Ucraina, desf\u0103\u0219urat\u0103 \u00een marja Conferin\u021bei de Securitate de la M\u00fcnchen. Scopul acestei alian\u021be este de a unifica resursele celor trei state pentru a asigura protec\u021bia infrastructurilor critice \u0219i a proceselor democratice \u00eempotriva ingerin\u021belor externe.<\/p>\n","protected":false},"excerpt":{"rendered":"<p>Ministrul afacerilor externe, Oana \u021aoiu, a avut pe data de 17 februarie 2026, o \u00eent\u00e2lnire important\u0103 cu Jean Charles Ellermann-Kingombe, Asistent Secretar General NATO pentru domeniul cibernetic \u0219i transformare digital\u0103, precum \u0219i Coordonator special pentru amenin\u021b\u0103ri hibride. Aceast\u0103 \u00eent\u00e2lnire a avut loc \u00een contextul vizitei oficialului NATO \u00een Rom\u00e2nia, conform comunicatului de pres\u0103 emis de [&hellip;]<\/p>\n","protected":false},"author":2,"featured_media":3697,"comment_status":"open","ping_status":"open","sticky":false,"template":"","format":"standard","meta":{"jnews-multi-image_gallery":[],"jnews_single_post":[],"jnews_primary_category":[],"jnews_override_counter":[],"footnotes":""},"categories":[42],"tags":[5919,297,5920,352,3115,5918,149,4508,489],"class_list":["post-3696","post","type-post","status-publish","format-standard","has-post-thumbnail","hentry","category-politica","tag-amenintari-hibride","tag-colaborare","tag-jean-charles-ellermann-kingombe","tag-nato","tag-oana-toiu","tag-oferit-altor-state-ministul-afacerilor-externe","tag-romania","tag-securitate-cibernetica","tag-transformare-digitala"],"_links":{"self":[{"href":"https:\/\/www.newsrecorder.ro\/app\/wp-json\/wp\/v2\/posts\/3696","targetHints":{"allow":["GET"]}}],"collection":[{"href":"https:\/\/www.newsrecorder.ro\/app\/wp-json\/wp\/v2\/posts"}],"about":[{"href":"https:\/\/www.newsrecorder.ro\/app\/wp-json\/wp\/v2\/types\/post"}],"author":[{"embeddable":true,"href":"https:\/\/www.newsrecorder.ro\/app\/wp-json\/wp\/v2\/users\/2"}],"replies":[{"embeddable":true,"href":"https:\/\/www.newsrecorder.ro\/app\/wp-json\/wp\/v2\/comments?post=3696"}],"version-history":[{"count":0,"href":"https:\/\/www.newsrecorder.ro\/app\/wp-json\/wp\/v2\/posts\/3696\/revisions"}],"wp:featuredmedia":[{"embeddable":true,"href":"https:\/\/www.newsrecorder.ro\/app\/wp-json\/wp\/v2\/media\/3697"}],"wp:attachment":[{"href":"https:\/\/www.newsrecorder.ro\/app\/wp-json\/wp\/v2\/media?parent=3696"}],"wp:term":[{"taxonomy":"category","embeddable":true,"href":"https:\/\/www.newsrecorder.ro\/app\/wp-json\/wp\/v2\/categories?post=3696"},{"taxonomy":"post_tag","embeddable":true,"href":"https:\/\/www.newsrecorder.ro\/app\/wp-json\/wp\/v2\/tags?post=3696"}],"curies":[{"name":"wp","href":"https:\/\/api.w.org\/{rel}","templated":true}]}}