{"id":3698,"date":"2026-02-18T01:07:11","date_gmt":"2026-02-18T01:07:11","guid":{"rendered":"https:\/\/www.newsrecorder.ro\/app\/2026\/02\/18\/ministrul-muncii-fara-bani-pentru-chirie-si-mancare-esti-exploatat\/"},"modified":"2026-02-18T01:07:11","modified_gmt":"2026-02-18T01:07:11","slug":"ministrul-muncii-fara-bani-pentru-chirie-si-mancare-esti-exploatat","status":"publish","type":"post","link":"https:\/\/www.newsrecorder.ro\/app\/2026\/02\/18\/ministrul-muncii-fara-bani-pentru-chirie-si-mancare-esti-exploatat\/","title":{"rendered":"Ministrul muncii: \u201eF\u0103r\u0103 bani pentru chirie \u0219i m\u00e2ncare, e\u0219ti exploatat!\u201d"},"content":{"rendered":"<p>Florin Manole \u00eembin\u0103 experien\u021ba sa personal\u0103 cu o viziune politic\u0103, afirm\u00e2nd c\u0103 men\u021binerea unui echilibru social \u0219i combaterea s\u0103r\u0103ciei sunt cruciale pentru a preveni extremismul social. El consider\u0103 c\u0103 aceste aspecte sunt esen\u021biale pentru a asigura stabilitatea societ\u0103\u021bii.<\/p>\n<p>\u00cen plus, Manole eviden\u021biaz\u0103 c\u0103 rezisten\u021ba \u00een fa\u021ba cre\u0219terii salariului minim nu provine doar din partea partenerilor de coali\u021bie, ci \u0219i din alte medii. Potrivit lui, deciziile ar trebui s\u0103 fie luate cu o abordare echilibrat\u0103, av\u00e2nd \u00een vedere at\u00e2t productivitatea, c\u00e2t \u0219i economia. De asemenea, <strong>ministrul denun\u021b\u0103 salariile inadecvate ale angaja\u021bilor, pe care le consider\u0103 o form\u0103 de exploatare.<\/strong><\/p>\n<p>\u201e<strong>Sunt un om care a tr\u0103it pe salariul minim<\/strong>. <strong>\u0218tiu foarte bine c\u0103, dac\u0103 banii nu ajung pentru chirie \u0219i m\u00e2ncare, nu e\u0219ti un lucr\u0103tor. E\u0219ti un om exploatat<\/strong>. Aceast\u0103 ini\u021biativ\u0103 de solidaritate \u0219i conceptul de men\u021binere a unui echilibru social sunt esen\u021biale pentru a combate \u0219i preveni r\u0103sp\u00e2ndirea extremismului \u00een r\u00e2ndul categoriilor sociale defavorizate, care nu sunt responsabile pentru situa\u021bia lor \u0219i care au dreptul s\u0103 solicite sprijin. Aceste persoane merit\u0103 s\u0103 fie ajutate \u0219i noi, ca societate, ar trebui s\u0103 ne unim \u00een aceast\u0103 direc\u021bie. Nu m\u0103 refer doar la politicieni, ci la to\u021bi cei care pot s\u0103-\u0219i fac\u0103 vocea auzit\u0103. De ce nu cresc salariile \u00een Rom\u00e2nia? Eu sunt un sus\u021bin\u0103tor fervent al cre\u0219terii salariului minim. \u00centreba\u021bi-i pe cei care se opun.\u201d<\/p>\n<p>Manole face referire la partenerii de coali\u021bie, dar subliniaz\u0103 c\u0103 nu to\u021bi se opun. El recunoa\u0219te c\u0103 \u00een\u021belege unele dintre argumentele aduse de ace\u0219tia, subliniind importan\u021ba unui dialog decent \u00een spa\u021biul public. \u201eNu este vorba despre o disput\u0103 politic\u0103 f\u0103r\u0103 fond. Sunt de acord c\u0103, \u00een discu\u021bia despre salariul minim, este necesar s\u0103 \u021binem cont de ra\u021biuni economice, de cre\u0219terea economic\u0103 \u0219i de productivitatea muncii. Aceste aspecte sunt esen\u021biale\u201d, afirm\u0103 el.<\/p>\n<p>Totu\u0219i, el reitereaz\u0103 faptul c\u0103 a tr\u0103it pe salariul minim \u0219i c\u0103 aceast\u0103 experien\u021b\u0103 l-a f\u0103cut con\u0219tient de dificult\u0103\u021bile cu care se confrunt\u0103 cei care nu au suficiente resurse pentru a-\u0219i acoperi nevoile de baz\u0103. \u201eNu este normal ca un antreprenor, indiferent de locul \u00een care se afl\u0103, s\u0103 considere c\u0103 pl\u0103te\u0219te angaja\u021bii insuficient pentru a-\u0219i asigura locuin\u021ba \u0219i hrana. Aceasta este o realitate trist\u0103 pentru o mare parte a societ\u0103\u021bii rom\u00e2ne\u0219ti\u201d, a concluzionat Manole, ilustr\u00e2nd astfel provoc\u0103rile cu care se confrunt\u0103 multe persoane din Rom\u00e2nia. <\/p>\n","protected":false},"excerpt":{"rendered":"<p>Florin Manole \u00eembin\u0103 experien\u021ba sa personal\u0103 cu o viziune politic\u0103, afirm\u00e2nd c\u0103 men\u021binerea unui echilibru social \u0219i combaterea s\u0103r\u0103ciei sunt cruciale pentru a preveni extremismul social. El consider\u0103 c\u0103 aceste aspecte sunt esen\u021biale pentru a asigura stabilitatea societ\u0103\u021bii. \u00cen plus, Manole eviden\u021biaz\u0103 c\u0103 rezisten\u021ba \u00een fa\u021ba cre\u0219terii salariului minim nu provine doar din partea partenerilor [&hellip;]<\/p>\n","protected":false},"author":2,"featured_media":3699,"comment_status":"open","ping_status":"open","sticky":false,"template":"","format":"standard","meta":{"jnews-multi-image_gallery":[],"jnews_single_post":[],"jnews_primary_category":[],"jnews_override_counter":[],"footnotes":""},"categories":[42],"tags":[5922,5921,5925,5923,5573,5926,5924,5927],"class_list":["post-3698","post","type-post","status-publish","format-standard","has-post-thumbnail","hentry","category-politica","tag-combaterea-saraciei","tag-echilibru-social","tag-exploatare","tag-extremism-social","tag-florin-manole","tag-initiativa-de-solidaritate","tag-salariul-minim","tag-stabilitatea-societatii"],"_links":{"self":[{"href":"https:\/\/www.newsrecorder.ro\/app\/wp-json\/wp\/v2\/posts\/3698","targetHints":{"allow":["GET"]}}],"collection":[{"href":"https:\/\/www.newsrecorder.ro\/app\/wp-json\/wp\/v2\/posts"}],"about":[{"href":"https:\/\/www.newsrecorder.ro\/app\/wp-json\/wp\/v2\/types\/post"}],"author":[{"embeddable":true,"href":"https:\/\/www.newsrecorder.ro\/app\/wp-json\/wp\/v2\/users\/2"}],"replies":[{"embeddable":true,"href":"https:\/\/www.newsrecorder.ro\/app\/wp-json\/wp\/v2\/comments?post=3698"}],"version-history":[{"count":0,"href":"https:\/\/www.newsrecorder.ro\/app\/wp-json\/wp\/v2\/posts\/3698\/revisions"}],"wp:featuredmedia":[{"embeddable":true,"href":"https:\/\/www.newsrecorder.ro\/app\/wp-json\/wp\/v2\/media\/3699"}],"wp:attachment":[{"href":"https:\/\/www.newsrecorder.ro\/app\/wp-json\/wp\/v2\/media?parent=3698"}],"wp:term":[{"taxonomy":"category","embeddable":true,"href":"https:\/\/www.newsrecorder.ro\/app\/wp-json\/wp\/v2\/categories?post=3698"},{"taxonomy":"post_tag","embeddable":true,"href":"https:\/\/www.newsrecorder.ro\/app\/wp-json\/wp\/v2\/tags?post=3698"}],"curies":[{"name":"wp","href":"https:\/\/api.w.org\/{rel}","templated":true}]}}