{"id":3722,"date":"2026-02-18T01:38:21","date_gmt":"2026-02-18T01:38:21","guid":{"rendered":"https:\/\/www.newsrecorder.ro\/app\/2026\/02\/18\/bucuresti-in-haos-cod-portocaliu-trafic-blocat-si-probleme-la-otopeni\/"},"modified":"2026-02-18T01:38:21","modified_gmt":"2026-02-18T01:38:21","slug":"bucuresti-in-haos-cod-portocaliu-trafic-blocat-si-probleme-la-otopeni","status":"publish","type":"post","link":"https:\/\/www.newsrecorder.ro\/app\/2026\/02\/18\/bucuresti-in-haos-cod-portocaliu-trafic-blocat-si-probleme-la-otopeni\/","title":{"rendered":"Bucure\u0219ti \u00een haos: Cod portocaliu, trafic blocat \u0219i probleme la Otopeni"},"content":{"rendered":"<p>Ninsorile abundente \u0219i viscolul au acaparat Bucure\u0219tiul \u00een timpul nop\u021bii, provoc\u00e2nd acumul\u0103ri rapide de z\u0103pad\u0103 pe carosabil. Acest fenomen a dus la o vizibilitate sc\u0103zut\u0103 \u0219i a \u00eengreunat semnificativ circula\u021bia. Capitala, al\u0103turi de alte 12 jude\u021be din Muntenia \u0219i Moldova, se afl\u0103 sub inciden\u021ba unui Cod portocaliu de ninsoare abundent\u0103, conform informa\u021biilor furnizate de <a style=\"color: #0000ff\" href=\"https:\/\/www.gandul.ro\/vremea\/capitala-sub-cod-alb-arterele-secundare-sunt-aproape-paralizate-de-zapada-imagini-cu-cel-mai-crunt-episod-de-iarna-in-bucuresti-20806529\">G\u00e2ndul<\/a>.<\/p>\n<p>\u00cen centrul capitalei, pe Calea Victoriei, stratul de z\u0103pad\u0103 a ajuns deja la c\u00e2\u021biva centimetri, iar \u00een zona Pia\u021ba Universit\u0103\u021bii, ninsoarea este \u00eenso\u021bit\u0103 de viscol. Autorit\u0103\u021bile estimeaz\u0103 c\u0103 p\u00e2n\u0103 diminea\u021b\u0103 va fi creat un strat semnificativ de z\u0103pad\u0103, meteorologii av\u00e2nd prognoze care sugereaz\u0103 acumul\u0103ri de p\u00e2n\u0103 la 50 de centimetri.<\/p>\n<p>De asemenea, situa\u021bia se complic\u0103 \u0219i \u00een zona Aeroportului Interna\u021bional Henri Coand\u0103, unde z\u0103pada s-a a\u0219ternut pe piste. Autorit\u0103\u021bile aeroportuare au mobilizat echipamente de desz\u0103pezire pentru a face fa\u021b\u0103 condi\u021biilor meteo dificile.<\/p>\n<p>Referitor la prognoza meteo, Raed Arafat, \u0218eful Departamentului pentru Situa\u021bii de Urgen\u021b\u0103, a declarat pentru G\u00e2ndul: \u201eVom observa care vor fi efectele \u00een cursul nop\u021bii. Exist\u0103 riscuri, iar \u00een unele cazuri este posibil s\u0103 ajungem mai t\u00e2rziu, dat fiind c\u0103 se preconizeaz\u0103 acumul\u0103ri de z\u0103pad\u0103 de p\u00e2n\u0103 la 50 de cm, conform informa\u021biilor disponibile.\u201d De asemenea, Arafat a subliniat c\u0103 acest episod de vreme sever\u0103 se va men\u021bine p\u00e2n\u0103 miercuri la pr\u00e2nz.<\/p>\n","protected":false},"excerpt":{"rendered":"<p>Ninsorile abundente \u0219i viscolul au acaparat Bucure\u0219tiul \u00een timpul nop\u021bii, provoc\u00e2nd acumul\u0103ri rapide de z\u0103pad\u0103 pe carosabil. Acest fenomen a dus la o vizibilitate sc\u0103zut\u0103 \u0219i a \u00eengreunat semnificativ circula\u021bia. Capitala, al\u0103turi de alte 12 jude\u021be din Muntenia \u0219i Moldova, se afl\u0103 sub inciden\u021ba unui Cod portocaliu de ninsoare abundent\u0103, conform informa\u021biilor furnizate de G\u00e2ndul. [&hellip;]<\/p>\n","protected":false},"author":2,"featured_media":3723,"comment_status":"open","ping_status":"open","sticky":false,"template":"","format":"standard","meta":{"jnews-multi-image_gallery":[],"jnews_single_post":[],"jnews_primary_category":[],"jnews_override_counter":[],"footnotes":""},"categories":[39],"tags":[362,1150,1140,2239,133,743,1142,729],"class_list":["post-3722","post","type-post","status-publish","format-standard","has-post-thumbnail","hentry","category-stirile-zilei","tag-bucuresti","tag-circulatie","tag-cod-portocaliu","tag-deszapezire","tag-meteorologie","tag-ninsoare","tag-viscol","tag-zapada"],"_links":{"self":[{"href":"https:\/\/www.newsrecorder.ro\/app\/wp-json\/wp\/v2\/posts\/3722","targetHints":{"allow":["GET"]}}],"collection":[{"href":"https:\/\/www.newsrecorder.ro\/app\/wp-json\/wp\/v2\/posts"}],"about":[{"href":"https:\/\/www.newsrecorder.ro\/app\/wp-json\/wp\/v2\/types\/post"}],"author":[{"embeddable":true,"href":"https:\/\/www.newsrecorder.ro\/app\/wp-json\/wp\/v2\/users\/2"}],"replies":[{"embeddable":true,"href":"https:\/\/www.newsrecorder.ro\/app\/wp-json\/wp\/v2\/comments?post=3722"}],"version-history":[{"count":0,"href":"https:\/\/www.newsrecorder.ro\/app\/wp-json\/wp\/v2\/posts\/3722\/revisions"}],"wp:featuredmedia":[{"embeddable":true,"href":"https:\/\/www.newsrecorder.ro\/app\/wp-json\/wp\/v2\/media\/3723"}],"wp:attachment":[{"href":"https:\/\/www.newsrecorder.ro\/app\/wp-json\/wp\/v2\/media?parent=3722"}],"wp:term":[{"taxonomy":"category","embeddable":true,"href":"https:\/\/www.newsrecorder.ro\/app\/wp-json\/wp\/v2\/categories?post=3722"},{"taxonomy":"post_tag","embeddable":true,"href":"https:\/\/www.newsrecorder.ro\/app\/wp-json\/wp\/v2\/tags?post=3722"}],"curies":[{"name":"wp","href":"https:\/\/api.w.org\/{rel}","templated":true}]}}