{"id":3736,"date":"2026-02-18T11:39:39","date_gmt":"2026-02-18T11:39:39","guid":{"rendered":"https:\/\/www.newsrecorder.ro\/app\/2026\/02\/18\/romania-straluceste-la-schi-alpin-si-fond-la-olimpiada-de-iarna-2026\/"},"modified":"2026-02-18T11:39:39","modified_gmt":"2026-02-18T11:39:39","slug":"romania-straluceste-la-schi-alpin-si-fond-la-olimpiada-de-iarna-2026","status":"publish","type":"post","link":"https:\/\/www.newsrecorder.ro\/app\/2026\/02\/18\/romania-straluceste-la-schi-alpin-si-fond-la-olimpiada-de-iarna-2026\/","title":{"rendered":"Rom\u00e2nia str\u0103luce\u0219te la schi alpin \u0219i fond la Olimpiada de Iarn\u0103 2026!"},"content":{"rendered":"<p>La Jocurile Olimpice de la Milano Cortina, prima sportiv\u0103 care va intra \u00een competi\u021bie miercuri este Sofia Moldovan, o t\u00e2n\u0103r\u0103 talentat\u0103 de doar 17 ani.<\/p>\n<p>Sofia va participa la proba de slalom \u00een cadrul disciplinei schi alpin. Duminica trecut\u0103, ea a avut ocazia s\u0103 concureze \u0219i \u00een proba de slalom uria\u0219, unde s-a clasat pe locul 46. \u00cen prezent, Sofia are num\u0103rul de start 62, fiind una dintre cele 95 de schioare \u00eenscrise \u00een competi\u021bie.<\/p>\n<p>Prima man\u0219\u0103 a probei de slalom este programat\u0103 s\u0103 \u00eenceap\u0103 la ora 11:00, iar man\u0219a final\u0103 va avea loc de la ora 14:30.<\/p>\n<p>Pe l\u00e2ng\u0103 participarea Sofiei, Rom\u00e2nia va fi reprezentat\u0103 \u0219i \u00een competi\u021bia de echipe la schi fond, stilul liber, unde concureaz\u0103 Paul Pepene \u0219i Gabriel Cojocaru. Faza preliminar\u0103 a acestei competi\u021bii va \u00eencepe la ora 11:15. Echipa Rom\u00e2niei are num\u0103rul 20 de concurs, printre cele 27 de echipe \u00eenscrise.<\/p>\n<p>Din cele 27 de echipe, primele 15 clasate se vor califica \u00een faza final\u0103, care este programat\u0103 s\u0103 \u00eenceap\u0103 la ora 13:15.<\/p>\n<p>De asemenea, miercuri, de la ora 11:00, vor avea loc \u0219i primele antrenamente oficiale la bob 4 persoane. Echipajul Rom\u00e2niei este condus de Mihai Tentea, care a reu\u0219it mar\u021bi seara s\u0103 ob\u021bin\u0103 cea mai bun\u0103 performan\u021b\u0103 a Rom\u00e2niei la Jocurile Olimpice din 1992 p\u00e2n\u0103 \u00een prezent. Tentea \u0219i colegul s\u0103u, George Iordache, au adus echipajul de bob 2 persoane pe locul 5.<\/p>\n","protected":false},"excerpt":{"rendered":"<p>La Jocurile Olimpice de la Milano Cortina, prima sportiv\u0103 care va intra \u00een competi\u021bie miercuri este Sofia Moldovan, o t\u00e2n\u0103r\u0103 talentat\u0103 de doar 17 ani. Sofia va participa la proba de slalom \u00een cadrul disciplinei schi alpin. Duminica trecut\u0103, ea a avut ocazia s\u0103 concureze \u0219i \u00een proba de slalom uria\u0219, unde s-a clasat pe [&hellip;]<\/p>\n","protected":false},"author":6,"featured_media":3737,"comment_status":"open","ping_status":"open","sticky":false,"template":"","format":"standard","meta":{"jnews-multi-image_gallery":[],"jnews_single_post":[],"jnews_primary_category":[],"jnews_override_counter":[],"footnotes":""},"categories":[46],"tags":[56,1113,3830,149,4228,5368,5981,2020],"class_list":["post-3736","post","type-post","status-publish","format-standard","has-post-thumbnail","hentry","category-sport","tag-competitie","tag-echipe","tag-olimpiada","tag-romania","tag-schi-alpin","tag-slalom","tag-sofia-moldovan","tag-sportiva"],"_links":{"self":[{"href":"https:\/\/www.newsrecorder.ro\/app\/wp-json\/wp\/v2\/posts\/3736","targetHints":{"allow":["GET"]}}],"collection":[{"href":"https:\/\/www.newsrecorder.ro\/app\/wp-json\/wp\/v2\/posts"}],"about":[{"href":"https:\/\/www.newsrecorder.ro\/app\/wp-json\/wp\/v2\/types\/post"}],"author":[{"embeddable":true,"href":"https:\/\/www.newsrecorder.ro\/app\/wp-json\/wp\/v2\/users\/6"}],"replies":[{"embeddable":true,"href":"https:\/\/www.newsrecorder.ro\/app\/wp-json\/wp\/v2\/comments?post=3736"}],"version-history":[{"count":0,"href":"https:\/\/www.newsrecorder.ro\/app\/wp-json\/wp\/v2\/posts\/3736\/revisions"}],"wp:featuredmedia":[{"embeddable":true,"href":"https:\/\/www.newsrecorder.ro\/app\/wp-json\/wp\/v2\/media\/3737"}],"wp:attachment":[{"href":"https:\/\/www.newsrecorder.ro\/app\/wp-json\/wp\/v2\/media?parent=3736"}],"wp:term":[{"taxonomy":"category","embeddable":true,"href":"https:\/\/www.newsrecorder.ro\/app\/wp-json\/wp\/v2\/categories?post=3736"},{"taxonomy":"post_tag","embeddable":true,"href":"https:\/\/www.newsrecorder.ro\/app\/wp-json\/wp\/v2\/tags?post=3736"}],"curies":[{"name":"wp","href":"https:\/\/api.w.org\/{rel}","templated":true}]}}