{"id":3738,"date":"2026-02-18T11:39:51","date_gmt":"2026-02-18T11:39:51","guid":{"rendered":"https:\/\/www.newsrecorder.ro\/app\/2026\/02\/18\/bucuresti-sub-zapada-ninsori-masive-si-cod-portocaliu-pana-joi\/"},"modified":"2026-02-18T11:39:51","modified_gmt":"2026-02-18T11:39:51","slug":"bucuresti-sub-zapada-ninsori-masive-si-cod-portocaliu-pana-joi","status":"publish","type":"post","link":"https:\/\/www.newsrecorder.ro\/app\/2026\/02\/18\/bucuresti-sub-zapada-ninsori-masive-si-cod-portocaliu-pana-joi\/","title":{"rendered":"Bucure\u0219ti sub z\u0103pad\u0103: Ninsori masive \u0219i cod portocaliu p\u00e2n\u0103 joi!"},"content":{"rendered":"<p>Miercuri, vremea va fi caracterizat\u0103 de un cer predominant noros, iar ninsorile vor continua p\u00e2n\u0103 \u00een cursul dup\u0103-amiezii. La finalul acestui interval de avertizare, se estimeaz\u0103 c\u0103 grosimea total\u0103 a stratului de z\u0103pad\u0103 va dep\u0103\u0219i 50 de centimetri.<\/p>\n<p>V\u00e2ntul va avea intensitate slab\u0103 p\u00e2n\u0103 la moderat\u0103, aduc\u00e2nd un sentiment de r\u0103coare \u00een aer.<\/p>\n<p>Temperaturile se vor men\u021bine sc\u0103zute, cu valori maxime cuprinse \u00eentre 2 \u0219i 3 grade Celsius, \u00een timp ce temperaturile minime vor varia de la -5 la -3 grade Celsius.<\/p>\n<p>Este important de men\u021bionat c\u0103, \u00een perioada 18 februarie, ora 10 \u2013 19 februarie, ora 10, municipiul Bucure\u0219ti se va afla sub o avertizare meteorologic\u0103 de tip Cod portocaliu, care semnaleaz\u0103 ninsoare intens\u0103 \u0219i acumul\u0103ri semnificative de z\u0103pad\u0103.<\/p>\n","protected":false},"excerpt":{"rendered":"<p>Miercuri, vremea va fi caracterizat\u0103 de un cer predominant noros, iar ninsorile vor continua p\u00e2n\u0103 \u00een cursul dup\u0103-amiezii. La finalul acestui interval de avertizare, se estimeaz\u0103 c\u0103 grosimea total\u0103 a stratului de z\u0103pad\u0103 va dep\u0103\u0219i 50 de centimetri. V\u00e2ntul va avea intensitate slab\u0103 p\u00e2n\u0103 la moderat\u0103, aduc\u00e2nd un sentiment de r\u0103coare \u00een aer. Temperaturile se [&hellip;]<\/p>\n","protected":false},"author":5,"featured_media":3739,"comment_status":"open","ping_status":"open","sticky":false,"template":"","format":"standard","meta":{"jnews-multi-image_gallery":[],"jnews_single_post":[],"jnews_primary_category":[],"jnews_override_counter":[],"footnotes":""},"categories":[45],"tags":[1563,362,1140,127,122,81,137,125],"class_list":["post-3738","post","type-post","status-publish","format-standard","has-post-thumbnail","hentry","category-meteo","tag-avertizare-meteorologica","tag-bucuresti","tag-cod-portocaliu","tag-ninsori","tag-strat-de-zapada","tag-temperaturi-scazute","tag-vant","tag-vreme"],"_links":{"self":[{"href":"https:\/\/www.newsrecorder.ro\/app\/wp-json\/wp\/v2\/posts\/3738","targetHints":{"allow":["GET"]}}],"collection":[{"href":"https:\/\/www.newsrecorder.ro\/app\/wp-json\/wp\/v2\/posts"}],"about":[{"href":"https:\/\/www.newsrecorder.ro\/app\/wp-json\/wp\/v2\/types\/post"}],"author":[{"embeddable":true,"href":"https:\/\/www.newsrecorder.ro\/app\/wp-json\/wp\/v2\/users\/5"}],"replies":[{"embeddable":true,"href":"https:\/\/www.newsrecorder.ro\/app\/wp-json\/wp\/v2\/comments?post=3738"}],"version-history":[{"count":0,"href":"https:\/\/www.newsrecorder.ro\/app\/wp-json\/wp\/v2\/posts\/3738\/revisions"}],"wp:featuredmedia":[{"embeddable":true,"href":"https:\/\/www.newsrecorder.ro\/app\/wp-json\/wp\/v2\/media\/3739"}],"wp:attachment":[{"href":"https:\/\/www.newsrecorder.ro\/app\/wp-json\/wp\/v2\/media?parent=3738"}],"wp:term":[{"taxonomy":"category","embeddable":true,"href":"https:\/\/www.newsrecorder.ro\/app\/wp-json\/wp\/v2\/categories?post=3738"},{"taxonomy":"post_tag","embeddable":true,"href":"https:\/\/www.newsrecorder.ro\/app\/wp-json\/wp\/v2\/tags?post=3738"}],"curies":[{"name":"wp","href":"https:\/\/api.w.org\/{rel}","templated":true}]}}