{"id":3754,"date":"2026-02-18T13:07:27","date_gmt":"2026-02-18T13:07:27","guid":{"rendered":"https:\/\/www.newsrecorder.ro\/app\/2026\/02\/18\/sigfried-muresan-decizia-ccr-o-victorie-esentiala-pentru-justitie\/"},"modified":"2026-02-18T13:07:27","modified_gmt":"2026-02-18T13:07:27","slug":"sigfried-muresan-decizia-ccr-o-victorie-esentiala-pentru-justitie","status":"publish","type":"post","link":"https:\/\/www.newsrecorder.ro\/app\/2026\/02\/18\/sigfried-muresan-decizia-ccr-o-victorie-esentiala-pentru-justitie\/","title":{"rendered":"Sigfried Mure\u0219an: \u201eDecizia CCR, o victorie esen\u021bial\u0103 pentru justi\u021bie!\u201d"},"content":{"rendered":"<p>Europarlamentarul Siegfried Mure\u0219an a transmis miercuri, prin intermediul unei post\u0103ri pe Facebook, c\u0103 hot\u0103r\u00e2rea Cur\u021bii Constitu\u021bionale referitoare la pensiile magistra\u021bilor reprezint\u0103 \u201eo victorie semnificativ\u0103 a drept\u0103\u021bii, dup\u0103 multe luni de eforturi din partea Guvernului\u201d.<\/p>\n<p>\u201eAceasta este o victorie important\u0103 a drept\u0103\u021bii, rezultat\u0103 \u00een urma muncii Guvernului condus de prim-ministrul Ilie Bolojan: pensiile speciale ale magistra\u021bilor dispar. Curtea Constitu\u021bional\u0103 a stabilit c\u0103 legea privind reforma pensiilor magistra\u021bilor este constitu\u021bional\u0103\u201d, a declarat Mure\u0219an pe platforma social\u0103.<\/p>\n<p>Europarlamentarul a eviden\u021biat c\u0103 decizia CCR de miercuri constituie, \u201e\u00een primul r\u00e2nd, o victorie moral\u0103 pentru prim-ministrul Ilie Bolojan. Reducerea risipei \u0219i reforma statului ar trebui s\u0103 fie sus\u021binute de \u00eentreaga societate, nu doar de o parte a acesteia\u201d.<\/p>\n<p>Siegfried Mure\u0219an a subliniat, de asemenea, c\u0103 aceast\u0103 decizie va \u00eent\u0103ri pozi\u021bia Executivului at\u00e2t pe plan intern, c\u00e2t \u0219i extern. \u201ePrin acest vot, Guvernul Bolojan \u00ee\u0219i \u00eent\u0103re\u0219te credibilitatea, at\u00e2t pe plan intern &#8211; pentru a continua cu m\u0103surile de reform\u0103 &#8211; c\u00e2t \u0219i pe plan european\u201d, a ad\u0103ugat el.<\/p>\n<p>Eurodeputatul a reamintit c\u0103 reforma pensiilor magistra\u021bilor este una dintre cele mai importante m\u0103suri cerute de Comisia European\u0103, \u00een schimbul finan\u021b\u0103rii din cadrul Planului Na\u021bional de Redresare \u0219i Rezilien\u021b\u0103 (PNRR).<\/p>\n<p>Judec\u0103torii Cur\u021bii Constitu\u021bionale au decis miercuri s\u0103 <a style=\"color: #0000ff\" href=\"https:\/\/www.mediafax.ro\/stirile-zilei\/update-decizie-finala-la-ccr-legea-pensiilor-speciale-ale-magistratilor-este-constitutionala-23688548\">declare constitu\u021bional\u0103 reforma pensiilor magistra\u021bilor<\/a>, pe care Guvernul Ilie Bolojan \u0219i-a asumat r\u0103spunderea anul trecut \u00een Parlament.<\/p>\n<p>Decizia CCR este definitiv\u0103 \u0219i general obligatorie.<\/p>\n","protected":false},"excerpt":{"rendered":"<p>Europarlamentarul Siegfried Mure\u0219an a transmis miercuri, prin intermediul unei post\u0103ri pe Facebook, c\u0103 hot\u0103r\u00e2rea Cur\u021bii Constitu\u021bionale referitoare la pensiile magistra\u021bilor reprezint\u0103 \u201eo victorie semnificativ\u0103 a drept\u0103\u021bii, dup\u0103 multe luni de eforturi din partea Guvernului\u201d. \u201eAceasta este o victorie important\u0103 a drept\u0103\u021bii, rezultat\u0103 \u00een urma muncii Guvernului condus de prim-ministrul Ilie Bolojan: pensiile speciale ale magistra\u021bilor [&hellip;]<\/p>\n","protected":false},"author":2,"featured_media":3755,"comment_status":"open","ping_status":"open","sticky":false,"template":"","format":"standard","meta":{"jnews-multi-image_gallery":[],"jnews_single_post":[],"jnews_primary_category":[],"jnews_override_counter":[],"footnotes":""},"categories":[42],"tags":[2246,3913,6006,302,5872,6005,6003,6004],"class_list":["post-3754","post","type-post","status-publish","format-standard","has-post-thumbnail","hentry","category-politica","tag-curtea-constitutionala","tag-europarlamentar","tag-executiv","tag-ilie-bolojan","tag-pensii-magistrati","tag-reforma-pensii","tag-siegfried-muresan","tag-victorie-dreptate"],"_links":{"self":[{"href":"https:\/\/www.newsrecorder.ro\/app\/wp-json\/wp\/v2\/posts\/3754","targetHints":{"allow":["GET"]}}],"collection":[{"href":"https:\/\/www.newsrecorder.ro\/app\/wp-json\/wp\/v2\/posts"}],"about":[{"href":"https:\/\/www.newsrecorder.ro\/app\/wp-json\/wp\/v2\/types\/post"}],"author":[{"embeddable":true,"href":"https:\/\/www.newsrecorder.ro\/app\/wp-json\/wp\/v2\/users\/2"}],"replies":[{"embeddable":true,"href":"https:\/\/www.newsrecorder.ro\/app\/wp-json\/wp\/v2\/comments?post=3754"}],"version-history":[{"count":0,"href":"https:\/\/www.newsrecorder.ro\/app\/wp-json\/wp\/v2\/posts\/3754\/revisions"}],"wp:featuredmedia":[{"embeddable":true,"href":"https:\/\/www.newsrecorder.ro\/app\/wp-json\/wp\/v2\/media\/3755"}],"wp:attachment":[{"href":"https:\/\/www.newsrecorder.ro\/app\/wp-json\/wp\/v2\/media?parent=3754"}],"wp:term":[{"taxonomy":"category","embeddable":true,"href":"https:\/\/www.newsrecorder.ro\/app\/wp-json\/wp\/v2\/categories?post=3754"},{"taxonomy":"post_tag","embeddable":true,"href":"https:\/\/www.newsrecorder.ro\/app\/wp-json\/wp\/v2\/tags?post=3754"}],"curies":[{"name":"wp","href":"https:\/\/api.w.org\/{rel}","templated":true}]}}