{"id":3762,"date":"2026-02-18T13:08:41","date_gmt":"2026-02-18T13:08:41","guid":{"rendered":"https:\/\/www.newsrecorder.ro\/app\/2026\/02\/18\/ministerul-dezvoltarii-dezvaluie-oug-pentru-reformarea-administratiei\/"},"modified":"2026-02-18T13:08:41","modified_gmt":"2026-02-18T13:08:41","slug":"ministerul-dezvoltarii-dezvaluie-oug-pentru-reformarea-administratiei","status":"publish","type":"post","link":"https:\/\/www.newsrecorder.ro\/app\/2026\/02\/18\/ministerul-dezvoltarii-dezvaluie-oug-pentru-reformarea-administratiei\/","title":{"rendered":"Ministerul Dezvolt\u0103rii dezv\u0103luie OUG pentru reformarea administra\u021biei!"},"content":{"rendered":"<p>Ministerul Dezvolt\u0103rii a f\u0103cut public, \u00een cadrul transparen\u021bei decizionale, <a style=\"color: #0000ff\" href=\"https:\/\/www.mediafax.ro\/politic\/sedinta-coalitie-pachetul-de-reforma-a-administratiei-si-relansare-economica-finalizat-va-fi-adoptat-prin-oug-dupa-avizare-23687400\">proiectul de Ordonan\u021b\u0103 de Urgen\u021b\u0103<\/a> care introduce m\u0103suri menite s\u0103 reformeze administra\u021bia. Acest document, agreat de coali\u021bie, are ca obiectiv crearea unei administra\u021bii publice mai eficiente, mai flexibile \u0219i mai descentralizate, pun\u00e2nd accent pe sustenabilitatea financiar\u0103.<\/p>\n<p>Ministrul Dezvolt\u0103rii, Cseke Attila, a subliniat c\u0103 aceste m\u0103suri sunt concepute pentru a optimiza activitatea administra\u021biei centrale \u0219i pentru a \u00eembun\u0103t\u0103\u021bi serviciile publice destinate cet\u0103\u021benilor. \u201eInten\u021bion\u0103m s\u0103 cre\u0103m o administra\u021bie public\u0103 mai supl\u0103 \u0219i mai eficient\u0103, s\u0103 decentraliz\u0103m mai mult autorit\u0103\u021bile publice locale \u0219i s\u0103 asigur\u0103m sustenabilitatea financiar\u0103 pentru acestea\u201d, a declarat Cseke Attila.<\/p>\n<p><strong>Reduceri de personal \u0219i disciplin\u0103 financiar\u0103<\/strong><\/p>\n<p>Printre modific\u0103rile propuse se num\u0103r\u0103 o reducere de 30% din num\u0103rul total de posturi aprobate \u00een administra\u021bia public\u0103 local\u0103, ceea ce se traduce printr-o diminuare de aproximativ 10% a posturilor ocupate la nivel na\u021bional. \u00cen acest an de tranzi\u021bie, autorit\u0103\u021bile locale vor avea posibilitatea de a ajusta cheltuielile de personal \u00een func\u021bie de posturile care urmeaz\u0103 s\u0103 fie desfiin\u021bate.<\/p>\n<p>De asemenea, pentru administra\u021bia public\u0103 central\u0103, se preconizeaz\u0103 o reducere de 10% a cheltuielilor de personal, \u00eenso\u021bit\u0103 de m\u0103suri menite s\u0103 \u00eent\u0103reasc\u0103 disciplina financiar\u0103. Reducerile salariale realizate de ministere \u00een 2025 vor fi incluse \u00een calculul diminu\u0103rii totale de 10%.<\/p>\n<p><strong>Excep\u021bii \u0219i m\u0103suri compensatorii<\/strong><\/p>\n<p>Proiectul include excep\u021bii de la aceste reduceri pentru sistemele de educa\u021bie \u0219i cultur\u0103, spitalele publice, serviciile de ambulan\u021b\u0103, precum \u0219i pentru domeniul ap\u0103r\u0103rii \u0219i ordinii publice. Aceste sectoare vor beneficia de m\u0103suri compensatorii, cum ar fi cre\u0219terea v\u00e2rstei de pensionare pentru personalul militar, reducerea sporului de doctorat \u00een educa\u021bie, implementarea unui nou sistem de clasificare a spitalelor \u0219i salarizarea \u00een func\u021bie de performan\u021b\u0103 \u00een sectorul sanitar.<\/p>\n<p><strong>Cre\u0219terea capacit\u0103\u021bii financiare a autorit\u0103\u021bilor locale<\/strong><\/p>\n<p>Un alt obiectiv al proiectului este sporirea capacit\u0103\u021bii financiare a unit\u0103\u021bilor administrativ-teritoriale prin limitarea cheltuielilor \u0219i cre\u0219terea veniturilor bugetare. Scopul declarat este de a respecta angajamentele asumate referitoare la deficitul bugetar \u0219i de a consolida sustenabilitatea financiar\u0103 a Rom\u00e2niei.<\/p>\n<p>Documenta\u021bia complet\u0103, care include proiectul de ordonan\u021b\u0103, nota de fundamentare \u0219i anexele, este disponibil\u0103 pe <a style=\"color: #0000ff\" href=\"https:\/\/www.mdlpa.ro\/pages\/proiectougreformaadministrativa18022026\" target=\"_blank\" rel=\"noopener\">site-ul ministerului<\/a> sau la sediul institu\u021biei. Cet\u0103\u021benii sunt invita\u021bi s\u0103 transmit\u0103 propuneri \u0219i sugestii \u00een termen de 10 zile, utiliz\u00e2nd formularul online, e-mail, po\u0219t\u0103 sau depun\u00e2ndu-le personal la registratur\u0103.<\/p>\n<p>Toate materialele transmise vor fi \u00eenso\u021bite de men\u021biunea \u201ePropuneri privind proiectul de Ordonan\u021b\u0103 de urgen\u021b\u0103 a Guvernului pentru adoptarea unor m\u0103suri de cre\u0219tere a capacit\u0103\u021bii financiare a unit\u0103\u021bilor administrativ-teritoriale, precum \u0219i pentru modificarea \u0219i completarea unor acte normative\u201d. Ministerul va publica \u0219i analiza toate recomand\u0103rile primite, iar eventualele respingeri vor fi motivate \u00een scris.<\/p>\n","protected":false},"excerpt":{"rendered":"<p>Ministerul Dezvolt\u0103rii a f\u0103cut public, \u00een cadrul transparen\u021bei decizionale, proiectul de Ordonan\u021b\u0103 de Urgen\u021b\u0103 care introduce m\u0103suri menite s\u0103 reformeze administra\u021bia. Acest document, agreat de coali\u021bie, are ca obiectiv crearea unei administra\u021bii publice mai eficiente, mai flexibile \u0219i mai descentralizate, pun\u00e2nd accent pe sustenabilitatea financiar\u0103. Ministrul Dezvolt\u0103rii, Cseke Attila, a subliniat c\u0103 aceste m\u0103suri sunt [&hellip;]<\/p>\n","protected":false},"author":2,"featured_media":3763,"comment_status":"open","ping_status":"open","sticky":false,"template":"","format":"standard","meta":{"jnews-multi-image_gallery":[],"jnews_single_post":[],"jnews_primary_category":[],"jnews_override_counter":[],"footnotes":""},"categories":[42],"tags":[1360,6017,6016,1530,2039,4186,2890,1842],"class_list":["post-3762","post","type-post","status-publish","format-standard","has-post-thumbnail","hentry","category-politica","tag-administratie","tag-cseke-attila","tag-descentralizare","tag-eficienta","tag-reforma","tag-servicii-publice","tag-sustenabilitate","tag-transparenta"],"_links":{"self":[{"href":"https:\/\/www.newsrecorder.ro\/app\/wp-json\/wp\/v2\/posts\/3762","targetHints":{"allow":["GET"]}}],"collection":[{"href":"https:\/\/www.newsrecorder.ro\/app\/wp-json\/wp\/v2\/posts"}],"about":[{"href":"https:\/\/www.newsrecorder.ro\/app\/wp-json\/wp\/v2\/types\/post"}],"author":[{"embeddable":true,"href":"https:\/\/www.newsrecorder.ro\/app\/wp-json\/wp\/v2\/users\/2"}],"replies":[{"embeddable":true,"href":"https:\/\/www.newsrecorder.ro\/app\/wp-json\/wp\/v2\/comments?post=3762"}],"version-history":[{"count":0,"href":"https:\/\/www.newsrecorder.ro\/app\/wp-json\/wp\/v2\/posts\/3762\/revisions"}],"wp:featuredmedia":[{"embeddable":true,"href":"https:\/\/www.newsrecorder.ro\/app\/wp-json\/wp\/v2\/media\/3763"}],"wp:attachment":[{"href":"https:\/\/www.newsrecorder.ro\/app\/wp-json\/wp\/v2\/media?parent=3762"}],"wp:term":[{"taxonomy":"category","embeddable":true,"href":"https:\/\/www.newsrecorder.ro\/app\/wp-json\/wp\/v2\/categories?post=3762"},{"taxonomy":"post_tag","embeddable":true,"href":"https:\/\/www.newsrecorder.ro\/app\/wp-json\/wp\/v2\/tags?post=3762"}],"curies":[{"name":"wp","href":"https:\/\/api.w.org\/{rel}","templated":true}]}}