{"id":3764,"date":"2026-02-18T13:08:59","date_gmt":"2026-02-18T13:08:59","guid":{"rendered":"https:\/\/www.newsrecorder.ro\/app\/2026\/02\/18\/nicusor-dan-reactioneaza-la-decizia-ccr-privind-pensiile-magistratilor\/"},"modified":"2026-02-18T13:08:59","modified_gmt":"2026-02-18T13:08:59","slug":"nicusor-dan-reactioneaza-la-decizia-ccr-privind-pensiile-magistratilor","status":"publish","type":"post","link":"https:\/\/www.newsrecorder.ro\/app\/2026\/02\/18\/nicusor-dan-reactioneaza-la-decizia-ccr-privind-pensiile-magistratilor\/","title":{"rendered":"Nicu\u0219or Dan reac\u021bioneaz\u0103 la decizia CCR privind pensiile magistra\u021bilor!"},"content":{"rendered":"<p>Pre\u0219edintele Rom\u00e2niei, Nicu\u0219or Dan, a transmis un mesaj pe pagina sa de X, miercuri, \u00een care a salutat decizia Cur\u021bii Constitu\u021bionale referitoare la reforma pensiilor magistra\u021bilor. El a subliniat importan\u021ba recalibr\u0103rii modului \u00een care sunt calculate aceste pensii, consider\u00e2nd-o un gest de echitate, a\u0219teptat de \u00eentreaga societate.<\/p>\n<p>\u201eSalut decizia Cur\u021bii Constitu\u021bionale privind reforma pensiilor magistra\u021bilor. Recalibrarea modului de calcul al acestor pensii este un gest de echitate, a\u0219teptat de societatea noastr\u0103\u201d, a declarat pre\u0219edintele Nicu\u0219or Dan.<\/p>\n<p>\u00cen continuarea mesajului s\u0103u, pre\u0219edintele a dorit s\u0103 asigure magistra\u021bii c\u0103 munca lor este apreciat\u0103 \u0219i respectat\u0103. \u201eAsigur to\u021bi magistra\u021bii c\u0103 munca lor este respectat\u0103, iar importan\u021ba lor \u00een arhitectura statului este pe deplin recunoscut\u0103\u201d, a ad\u0103ugat Nicu\u0219or Dan.<\/p>\n<p>Curtea Constitu\u021bional\u0103 a decis, miercuri, s\u0103 <a href=\"https:\/\/www.mediafax.ro\/stirile-zilei\/update-decizie-finala-la-ccr-legea-pensiilor-speciale-ale-magistratilor-este-constitutionala-23688548\">declare constitu\u021bional\u0103 reforma pensiilor magistra\u021bilor<\/a>, reform\u0103 pentru care Guvernul condus de Ilie Bolojan \u0219i-a angajat r\u0103spunderea \u00een Parlament anul trecut. Aceast\u0103 decizie este definitiv\u0103 \u0219i general obligatorie.<\/p>\n<p>De asemenea, sesizarea CJUE referitoare la pensiile speciale a fost respins\u0103 cu un vot de 5 la 4. Judec\u0103torii Mihai Busuioc, Gheorghe Stan, Bogdan Licu \u0219i Cristian Deliorga au votat \u00eempotriv\u0103, iar sesizarea \u00ceCCJ pe fondul legii a fost respins\u0103 cu un vot de 7 la 2.<\/p>\n<p>Premierul <a href=\"https:\/\/www.mediafax.ro\/breaking-news\/prima-reactie-a-lui-bolojan-dupa-decizia-ccr-privind-pensiile-speciale-vom-face-demersurile-pentru-recuperarea-banilor-23688895\">Ilie Bolojan<\/a> a exprimat, de asemenea, aprecierea sa fa\u021b\u0103 de decizia Cur\u021bii Constitu\u021bionale \u00een leg\u0103tur\u0103 cu pensiile magistra\u021bilor, conform unui comunicat al Guvernului. El a anun\u021bat c\u0103 vor fi ini\u021biate demersuri pentru recuperarea fondurilor din PNRR.<\/p>\n<p>\u00centr-un anun\u021b oficial de la Palatul Victoria, se men\u021bioneaz\u0103 c\u0103 \u201eprim-ministrul Ilie Bolojan salut\u0103 decizia Cur\u021bii Constitu\u021bionale \u00een privin\u021ba pensiilor ocupa\u021bionale ale magistra\u021bilor\u201d. Decizia este v\u0103zut\u0103 ca o confirmare a corectitudinii demersului Guvernului Rom\u00e2niei, conform comunicatului.<\/p>\n","protected":false},"excerpt":{"rendered":"<p>Pre\u0219edintele Rom\u00e2niei, Nicu\u0219or Dan, a transmis un mesaj pe pagina sa de X, miercuri, \u00een care a salutat decizia Cur\u021bii Constitu\u021bionale referitoare la reforma pensiilor magistra\u021bilor. El a subliniat importan\u021ba recalibr\u0103rii modului \u00een care sunt calculate aceste pensii, consider\u00e2nd-o un gest de echitate, a\u0219teptat de \u00eentreaga societate. \u201eSalut decizia Cur\u021bii Constitu\u021bionale privind reforma pensiilor magistra\u021bilor. [&hellip;]<\/p>\n","protected":false},"author":2,"featured_media":3765,"comment_status":"open","ping_status":"open","sticky":false,"template":"","format":"standard","meta":{"jnews-multi-image_gallery":[],"jnews_single_post":[],"jnews_primary_category":[],"jnews_override_counter":[],"footnotes":""},"categories":[42],"tags":[2246,6018,2406,286,6019,4206,1048,3545],"class_list":["post-3764","post","type-post","status-publish","format-standard","has-post-thumbnail","hentry","category-politica","tag-curtea-constitutionala","tag-echitate","tag-magistrati","tag-nicusor-dan","tag-recalibrare","tag-reforma-pensiilor","tag-respect","tag-societate"],"_links":{"self":[{"href":"https:\/\/www.newsrecorder.ro\/app\/wp-json\/wp\/v2\/posts\/3764","targetHints":{"allow":["GET"]}}],"collection":[{"href":"https:\/\/www.newsrecorder.ro\/app\/wp-json\/wp\/v2\/posts"}],"about":[{"href":"https:\/\/www.newsrecorder.ro\/app\/wp-json\/wp\/v2\/types\/post"}],"author":[{"embeddable":true,"href":"https:\/\/www.newsrecorder.ro\/app\/wp-json\/wp\/v2\/users\/2"}],"replies":[{"embeddable":true,"href":"https:\/\/www.newsrecorder.ro\/app\/wp-json\/wp\/v2\/comments?post=3764"}],"version-history":[{"count":0,"href":"https:\/\/www.newsrecorder.ro\/app\/wp-json\/wp\/v2\/posts\/3764\/revisions"}],"wp:featuredmedia":[{"embeddable":true,"href":"https:\/\/www.newsrecorder.ro\/app\/wp-json\/wp\/v2\/media\/3765"}],"wp:attachment":[{"href":"https:\/\/www.newsrecorder.ro\/app\/wp-json\/wp\/v2\/media?parent=3764"}],"wp:term":[{"taxonomy":"category","embeddable":true,"href":"https:\/\/www.newsrecorder.ro\/app\/wp-json\/wp\/v2\/categories?post=3764"},{"taxonomy":"post_tag","embeddable":true,"href":"https:\/\/www.newsrecorder.ro\/app\/wp-json\/wp\/v2\/tags?post=3764"}],"curies":[{"name":"wp","href":"https:\/\/api.w.org\/{rel}","templated":true}]}}