{"id":3768,"date":"2026-02-18T13:09:29","date_gmt":"2026-02-18T13:09:29","guid":{"rendered":"https:\/\/www.newsrecorder.ro\/app\/2026\/02\/18\/virgil-popescu-victorie-pentru-echitate-pensii-magistrati-un-pas-inainte\/"},"modified":"2026-02-18T13:09:29","modified_gmt":"2026-02-18T13:09:29","slug":"virgil-popescu-victorie-pentru-echitate-pensii-magistrati-un-pas-inainte","status":"publish","type":"post","link":"https:\/\/www.newsrecorder.ro\/app\/2026\/02\/18\/virgil-popescu-victorie-pentru-echitate-pensii-magistrati-un-pas-inainte\/","title":{"rendered":"Virgil Popescu: Victorie pentru echitate! Pensii magistra\u021bi, un pas \u00eenainte"},"content":{"rendered":"<p>Europarlamentarul \u0219i fostul Ministru al Energiei, <strong>Virgil Popescu<\/strong>, a comentat miercuri, pe re\u021belele sociale, decizia Cur\u021bii Constitu\u021bionale referitoare la legea pensiilor magistra\u021bilor.<\/p>\n<p>Judec\u0103torii Cur\u021bii Constitu\u021bionale au decis ast\u0103zi s\u0103 declare <a href=\"https:\/\/www.mediafax.ro\/stirile-zilei\/update-decizie-finala-la-ccr-legea-pensiilor-speciale-ale-magistratilor-este-constitutionala-23688548\">constitu\u021bional\u0103 reforma pensiilor magistra\u021bilor<\/a>, reform\u0103 pentru care Guvernul Ilie Bolojan \u0219i-a angajat r\u0103spunderea \u00een Parlament anul trecut. Aceast\u0103 decizie a CCR este definitiv\u0103 \u0219i are caracter general obligatoriu.<\/p>\n<p>Virgil Popescu a subliniat c\u0103 hot\u0103r\u00e2rea de ast\u0103zi reprezint\u0103 \u201eun pas important spre echitate \u0219i normalitate \u00een Rom\u00e2nia\u201d \u0219i a eviden\u021biat eforturile premierului Ilie Bolojan \u00een ceea ce prive\u0219te pensiile speciale.<\/p>\n<p>\u201e\u00cel felicit pe Ilie Bolojan pentru consecven\u021b\u0103 \u0219i pentru curajul de a duce la cap\u0103t un demers dificil!\u201d a declarat Popescu \u00een postarea sa.<\/p>\n<p>\u00cen contextul social al acestei decizii, fostul ministru al Energiei a explicat: \u201e\u00centr-o \u021bar\u0103 \u00een care pensia medie se situeaz\u0103 \u00eentre 2.000 \u0219i 2.500 de lei, iar milioane de rom\u00e2ni se confrunt\u0103 cu grija facturilor lunare, diferen\u021bele semnificative \u00eentre categorii profesionale au generat frustr\u0103ri legitime. Nu putem construi \u00eencredere public\u0103 ignor\u00e2nd aceste realit\u0103\u021bi.\u201d<\/p>\n<p>\u201eAni de zile ni s-a spus c\u0103 nu se poate. C\u0103 orice ajustare va fi respins\u0103 de Curtea Constitu\u021bional\u0103. Iat\u0103 c\u0103, atunci c\u00e2nd lucrurile sunt realizate temeinic, cu respect pentru lege \u0219i pentru principiile statului de drept, ele pot trece testul constitu\u021bionalit\u0103\u021bii.\u201d<\/p>\n<p>El a ad\u0103ugat c\u0103 echitatea nu afecteaz\u0103 buna func\u021bionare a justi\u021biei \u0219i poate consolida \u00eencrederea publicului. \u201eEchitatea nu sl\u0103be\u0219te justi\u021bia! Sunt convins c\u0103, dup\u0103 aceast\u0103 decizie, \u00eencrederea rom\u00e2nilor \u00een justi\u021bie va cre\u0219te, iar acest lucru este esen\u021bial!\u201d<\/p>\n","protected":false},"excerpt":{"rendered":"<p>Europarlamentarul \u0219i fostul Ministru al Energiei, Virgil Popescu, a comentat miercuri, pe re\u021belele sociale, decizia Cur\u021bii Constitu\u021bionale referitoare la legea pensiilor magistra\u021bilor. Judec\u0103torii Cur\u021bii Constitu\u021bionale au decis ast\u0103zi s\u0103 declare constitu\u021bional\u0103 reforma pensiilor magistra\u021bilor, reform\u0103 pentru care Guvernul Ilie Bolojan \u0219i-a angajat r\u0103spunderea \u00een Parlament anul trecut. Aceast\u0103 decizie a CCR este definitiv\u0103 \u0219i are [&hellip;]<\/p>\n","protected":false},"author":2,"featured_media":3769,"comment_status":"open","ping_status":"open","sticky":false,"template":"","format":"standard","meta":{"jnews-multi-image_gallery":[],"jnews_single_post":[],"jnews_primary_category":[],"jnews_override_counter":[],"footnotes":""},"categories":[42],"tags":[2246,6018,302,6022,5872,2405,4206,6021],"class_list":["post-3768","post","type-post","status-publish","format-standard","has-post-thumbnail","hentry","category-politica","tag-curtea-constitutionala","tag-echitate","tag-ilie-bolojan","tag-normalitate","tag-pensii-magistrati","tag-pensii-speciale","tag-reforma-pensiilor","tag-virgil-popescu"],"_links":{"self":[{"href":"https:\/\/www.newsrecorder.ro\/app\/wp-json\/wp\/v2\/posts\/3768","targetHints":{"allow":["GET"]}}],"collection":[{"href":"https:\/\/www.newsrecorder.ro\/app\/wp-json\/wp\/v2\/posts"}],"about":[{"href":"https:\/\/www.newsrecorder.ro\/app\/wp-json\/wp\/v2\/types\/post"}],"author":[{"embeddable":true,"href":"https:\/\/www.newsrecorder.ro\/app\/wp-json\/wp\/v2\/users\/2"}],"replies":[{"embeddable":true,"href":"https:\/\/www.newsrecorder.ro\/app\/wp-json\/wp\/v2\/comments?post=3768"}],"version-history":[{"count":0,"href":"https:\/\/www.newsrecorder.ro\/app\/wp-json\/wp\/v2\/posts\/3768\/revisions"}],"wp:featuredmedia":[{"embeddable":true,"href":"https:\/\/www.newsrecorder.ro\/app\/wp-json\/wp\/v2\/media\/3769"}],"wp:attachment":[{"href":"https:\/\/www.newsrecorder.ro\/app\/wp-json\/wp\/v2\/media?parent=3768"}],"wp:term":[{"taxonomy":"category","embeddable":true,"href":"https:\/\/www.newsrecorder.ro\/app\/wp-json\/wp\/v2\/categories?post=3768"},{"taxonomy":"post_tag","embeddable":true,"href":"https:\/\/www.newsrecorder.ro\/app\/wp-json\/wp\/v2\/tags?post=3768"}],"curies":[{"name":"wp","href":"https:\/\/api.w.org\/{rel}","templated":true}]}}