{"id":3778,"date":"2026-02-18T13:11:01","date_gmt":"2026-02-18T13:11:01","guid":{"rendered":"https:\/\/www.newsrecorder.ro\/app\/2026\/02\/18\/avionul-de-lupta-franco-german-in-criza-merz-contesta-franta\/"},"modified":"2026-02-18T13:11:01","modified_gmt":"2026-02-18T13:11:01","slug":"avionul-de-lupta-franco-german-in-criza-merz-contesta-franta","status":"publish","type":"post","link":"https:\/\/www.newsrecorder.ro\/app\/2026\/02\/18\/avionul-de-lupta-franco-german-in-criza-merz-contesta-franta\/","title":{"rendered":"Avionul de lupt\u0103 franco-german, \u00een criz\u0103: Merz contest\u0103 Fran\u021ba!"},"content":{"rendered":"<p>\u00centr-un interviu recent acordat podcastului politic german \u201eMachtwechsel\u201d, Friedrich Merz a discutat despre provoc\u0103rile \u00eent\u00e2mpinate \u00een cadrul proiectului comun franco-german de dezvoltare a unui nou avion de lupt\u0103. Potrivit <a href=\"https:\/\/www.politico.eu\/article\/friedrich-merz-casts-doubt-franco-german-fighter-project-floats-other-partners\/\" target=\"_blank\" rel=\"noopener\">Politico<\/a>, Merz a subliniat c\u0103 disputa nu se bazeaz\u0103 pe aspecte politice, ci pe diferen\u021be fundamentale \u00een cerin\u021bele militare ale celor dou\u0103 \u021b\u0103ri.<\/p>\n<p>\u201eNu este o disput\u0103 politic\u0103. Avem o problem\u0103 real\u0103 cu specifica\u021biile necesare. Dac\u0103 nu o rezolv\u0103m, nu putem sus\u021bine proiectul\u201d, a declarat el, eviden\u021biind complexitatea situa\u021biei.<\/p>\n<p>Punctul central al divergen\u021belor este legat de specifica\u021biile tehnice ale viitorului avion de lupt\u0103. Fran\u021ba \u00ee\u0219i dore\u0219te un aparat capabil s\u0103 transporte armament nuclear \u0219i s\u0103 opereze de pe portavioane, consider\u00e2nd aceste caracteristici esen\u021biale pentru doctrina sa militar\u0103. \u00cen contrast, Bundeswehr-ul, for\u021bele armate germane, nu are \u00een prezent necesitatea unui astfel de avion.<\/p>\n<p>\u201eFrancezii au nevoie de un avion nuclear \u0219i adaptat portavioanelor pentru genera\u021bia urm\u0103toare. Bundeswehr-ul nu are aceast\u0103 nevoie \u00een acest moment\u201d, a explicat Merz, arunc\u00e2nd o lumin\u0103 asupra nevoilor diferite ale celor dou\u0103 na\u021biuni.<\/p>\n<p>Aceast\u0103 discrepan\u021b\u0103 ridic\u0103 \u00eentreb\u0103ri structurale importante pentru proiectul \u00een sine: va exista un model unificat pentru toate \u021b\u0103rile implicate sau se vor dezvolta versiuni distincte, adaptate cerin\u021belor fiec\u0103rei na\u021biuni? Conform spuselor lui Merz, Fran\u021ba pare s\u0103 favorizeze o variant\u0103 unic\u0103, care s\u0103 r\u0103spund\u0103 \u00een principal nevoilor sale.<\/p>\n<p>\u00cen acest context, Merz a men\u021bionat deschiderea Berlinului c\u0103tre explorarea altor op\u021biuni de cooperare \u00een cadrul Europei. \u201eExist\u0103 \u0219i al\u021bii \u00een Europa \u2013 spaniolii, desigur, dar \u0219i alte \u021b\u0103ri \u2013 care sunt interesa\u021bi s\u0103 discute cu noi\u201d, a afirmat el, subliniind c\u0103 nu preconizeaz\u0103 o ruptur\u0103 politic\u0103 cu Parisul.<\/p>\n<p>Programul FCAS, ini\u021bial g\u00e2ndit ca un proiect strategic franco-german \u0219i ulterior extins pentru a include Spania, este destinat s\u0103 \u00eenlocuiasc\u0103 aeronavele Eurofighter ale Germaniei \u0219i Rafale ale Fran\u021bei \u00een jurul anului 2040. Acest sistem este conceput ca un \u201esistem de sisteme\u201d, integr\u00e2nd o aeronav\u0103 stealth de nou\u0103 genera\u021bie, drone avansate \u0219i o infrastructur\u0103 digital\u0103 de lupt\u0103 interconectat\u0103.<\/p>\n<p>Cu toate acestea, proiectul a fost afectat de \u00eent\u00e2rzieri semnificative \u0219i de tensiuni industriale \u00een ultimii ani. Dispute majore au avut loc \u00eentre compania francez\u0103 Dassault Aviation \u0219i consor\u021biul Airbus, sprijinit de Germania, fiind discutate \u00een special aspecte legate de controlul designului \u0219i distribu\u021bia responsabilit\u0103\u021bilor.<\/p>\n<p>Recent, oficiali din ambele \u021b\u0103ri au recunoscut c\u0103 componenta central\u0103 a programului \u2013 avionul de lupt\u0103 propriu-zis \u2013 ar putea s\u0103 nu reu\u0219easc\u0103, de\u0219i alte tehnologii FCAS ar putea fi salvate. Declara\u021biile lui Merz reprezint\u0103 un semnal puternic c\u0103 Berlinul ia \u00een considerare o reevaluare strategic\u0103 a angajamentului s\u0103u, \u00eentr-un moment crucial \u00een care <a href=\"https:\/\/www.mediafax.ro\/externe\/spania-indeamna-uniunea-europeana-sa-creeze-o-armata-comuna-23674798\" target=\"_blank\" rel=\"noopener\">Europa \u00eencearc\u0103 s\u0103-\u0219i consolideze autonomia<\/a> \u00een domeniul ap\u0103r\u0103rii.<\/p>\n","protected":false},"excerpt":{"rendered":"<p>\u00centr-un interviu recent acordat podcastului politic german \u201eMachtwechsel\u201d, Friedrich Merz a discutat despre provoc\u0103rile \u00eent\u00e2mpinate \u00een cadrul proiectului comun franco-german de dezvoltare a unui nou avion de lupt\u0103. Potrivit Politico, Merz a subliniat c\u0103 disputa nu se bazeaz\u0103 pe aspecte politice, ci pe diferen\u021be fundamentale \u00een cerin\u021bele militare ale celor dou\u0103 \u021b\u0103ri. \u201eNu este o [&hellip;]<\/p>\n","protected":false},"author":2,"featured_media":3779,"comment_status":"open","ping_status":"open","sticky":false,"template":"","format":"standard","meta":{"jnews-multi-image_gallery":[],"jnews_single_post":[],"jnews_primary_category":[],"jnews_override_counter":[],"footnotes":""},"categories":[41],"tags":[6037,6040,6042,6036,675,6041,6038,6039],"class_list":["post-3778","post","type-post","status-publish","format-standard","has-post-thumbnail","hentry","category-externe","tag-avion-de-lupta","tag-disputa-politica","tag-doctrina-militara","tag-franco-german","tag-friedrich-merz","tag-portavioane","tag-provocari-militare","tag-specificatii-tehnice"],"_links":{"self":[{"href":"https:\/\/www.newsrecorder.ro\/app\/wp-json\/wp\/v2\/posts\/3778","targetHints":{"allow":["GET"]}}],"collection":[{"href":"https:\/\/www.newsrecorder.ro\/app\/wp-json\/wp\/v2\/posts"}],"about":[{"href":"https:\/\/www.newsrecorder.ro\/app\/wp-json\/wp\/v2\/types\/post"}],"author":[{"embeddable":true,"href":"https:\/\/www.newsrecorder.ro\/app\/wp-json\/wp\/v2\/users\/2"}],"replies":[{"embeddable":true,"href":"https:\/\/www.newsrecorder.ro\/app\/wp-json\/wp\/v2\/comments?post=3778"}],"version-history":[{"count":0,"href":"https:\/\/www.newsrecorder.ro\/app\/wp-json\/wp\/v2\/posts\/3778\/revisions"}],"wp:featuredmedia":[{"embeddable":true,"href":"https:\/\/www.newsrecorder.ro\/app\/wp-json\/wp\/v2\/media\/3779"}],"wp:attachment":[{"href":"https:\/\/www.newsrecorder.ro\/app\/wp-json\/wp\/v2\/media?parent=3778"}],"wp:term":[{"taxonomy":"category","embeddable":true,"href":"https:\/\/www.newsrecorder.ro\/app\/wp-json\/wp\/v2\/categories?post=3778"},{"taxonomy":"post_tag","embeddable":true,"href":"https:\/\/www.newsrecorder.ro\/app\/wp-json\/wp\/v2\/tags?post=3778"}],"curies":[{"name":"wp","href":"https:\/\/api.w.org\/{rel}","templated":true}]}}