{"id":3808,"date":"2026-02-18T14:43:01","date_gmt":"2026-02-18T14:43:01","guid":{"rendered":"https:\/\/www.newsrecorder.ro\/app\/2026\/02\/18\/cristian-pistol-explica-absenta-sa-in-timpul-ninsorilor-intense\/"},"modified":"2026-02-18T14:43:01","modified_gmt":"2026-02-18T14:43:01","slug":"cristian-pistol-explica-absenta-sa-in-timpul-ninsorilor-intense","status":"publish","type":"post","link":"https:\/\/www.newsrecorder.ro\/app\/2026\/02\/18\/cristian-pistol-explica-absenta-sa-in-timpul-ninsorilor-intense\/","title":{"rendered":"Cristian Pistol explic\u0103 absen\u021ba sa \u00een timpul ninsorilor intense!"},"content":{"rendered":"<p>Conform unui articol publicat de <a href=\"https:\/\/oficiuldestiri.ro\/seful-cnair-in-concediu-cand-autostrazile-si-drumurile-nationale-sunt-sub-zapezi-cristian-pistol-nu-stie-daca-e-in-tara-audio-exclusiv\" target=\"_blank\" rel=\"noopener\">Oficiul de \u0218tiri<\/a>, discu\u021biile au prins av\u00e2nt \u00een urma \u00eentreb\u0103rilor legate de prezen\u021ba \u0219efului companiei na\u021bionale de drumuri \u00een perioada \u00een care mai multe drumuri \u0219i autostr\u0103zi au fost afectate de ninsori severe. Articolul subliniaz\u0103 c\u0103 informa\u021biile oficiale privind statutul acestuia au fost neclare, av\u00e2nd \u00een vedere dificult\u0103\u021bile \u00eent\u00e2mpinate \u00een timpul codului ro\u0219u de vreme rea.<\/p>\n<p>De asemenea, publica\u021bia men\u021bioneaz\u0103 c\u0103 lipsa unor explica\u021bii rapide a intensificat dezbaterile cu privire la modul \u00een care este gestionat\u0103 activitatea institu\u021biei \u00een situa\u021bii de urgen\u021b\u0103. Aceasta este cu at\u00e2t mai relevant\u0103 \u00een contextul \u00een care circula\u021bia rutier\u0103 a fost perturbat\u0103 \u00een diverse regiuni ale \u021b\u0103rii, iar interven\u021biile de desz\u0103pezire au fost atent monitorizate de opinia public\u0103.<\/p>\n<p>Cu toate acestea, reprezentan\u021bii CNAIR resping ideea unei coordon\u0103ri deficitare. Purt\u0103torul de cuv\u00e2nt Alin \u0218erb\u0103nescu a declarat c\u0103 directorul general \u201ecoordoneaz\u0103 activ activit\u0103\u021bile de desz\u0103pezire \u00een aceast\u0103 perioad\u0103\u201d.<\/p>\n<p>\u00centr-o declara\u021bie adresat\u0103 MEDIAFAX, Cristian Pistol a afirmat:<\/p>\n<p>\u201eV\u0103 asigur c\u0103 m\u0103 ocup activ de coordonarea activit\u0103\u021bilor de desz\u0103pezire din aceast\u0103 perioad\u0103. <strong>\u00cen leg\u0103tur\u0103 cu alte aspecte care \u021bin strict de via\u021ba personal\u0103, v\u0103 rog s\u0103-mi permite\u021bi s\u0103 nu fac niciun comentariu<\/strong>. Prioritatea mea profesional\u0103 este, \u00een acest moment, men\u021binerea re\u021belei na\u021bionale de drumuri \u0219i autostr\u0103zi \u00een condi\u021bii de circula\u021bie adaptate la contextul actual.\u201d<\/p>\n","protected":false},"excerpt":{"rendered":"<p>Conform unui articol publicat de Oficiul de \u0218tiri, discu\u021biile au prins av\u00e2nt \u00een urma \u00eentreb\u0103rilor legate de prezen\u021ba \u0219efului companiei na\u021bionale de drumuri \u00een perioada \u00een care mai multe drumuri \u0219i autostr\u0103zi au fost afectate de ninsori severe. Articolul subliniaz\u0103 c\u0103 informa\u021biile oficiale privind statutul acestuia au fost neclare, av\u00e2nd \u00een vedere dificult\u0103\u021bile \u00eent\u00e2mpinate \u00een [&hellip;]<\/p>\n","protected":false},"author":2,"featured_media":3809,"comment_status":"open","ping_status":"open","sticky":false,"template":"","format":"standard","meta":{"jnews-multi-image_gallery":[],"jnews_single_post":[],"jnews_primary_category":[],"jnews_override_counter":[],"footnotes":""},"categories":[39],"tags":[461,5991,2239,5506,5100,127,3174,4842],"class_list":["post-3808","post","type-post","status-publish","format-standard","has-post-thumbnail","hentry","category-stirile-zilei","tag-cnair","tag-cod-rosu","tag-deszapezire","tag-drumuri","tag-gestionare","tag-ninsori","tag-opinia-publica","tag-urgenta"],"_links":{"self":[{"href":"https:\/\/www.newsrecorder.ro\/app\/wp-json\/wp\/v2\/posts\/3808","targetHints":{"allow":["GET"]}}],"collection":[{"href":"https:\/\/www.newsrecorder.ro\/app\/wp-json\/wp\/v2\/posts"}],"about":[{"href":"https:\/\/www.newsrecorder.ro\/app\/wp-json\/wp\/v2\/types\/post"}],"author":[{"embeddable":true,"href":"https:\/\/www.newsrecorder.ro\/app\/wp-json\/wp\/v2\/users\/2"}],"replies":[{"embeddable":true,"href":"https:\/\/www.newsrecorder.ro\/app\/wp-json\/wp\/v2\/comments?post=3808"}],"version-history":[{"count":0,"href":"https:\/\/www.newsrecorder.ro\/app\/wp-json\/wp\/v2\/posts\/3808\/revisions"}],"wp:featuredmedia":[{"embeddable":true,"href":"https:\/\/www.newsrecorder.ro\/app\/wp-json\/wp\/v2\/media\/3809"}],"wp:attachment":[{"href":"https:\/\/www.newsrecorder.ro\/app\/wp-json\/wp\/v2\/media?parent=3808"}],"wp:term":[{"taxonomy":"category","embeddable":true,"href":"https:\/\/www.newsrecorder.ro\/app\/wp-json\/wp\/v2\/categories?post=3808"},{"taxonomy":"post_tag","embeddable":true,"href":"https:\/\/www.newsrecorder.ro\/app\/wp-json\/wp\/v2\/tags?post=3808"}],"curies":[{"name":"wp","href":"https:\/\/api.w.org\/{rel}","templated":true}]}}