{"id":3814,"date":"2026-02-18T14:44:04","date_gmt":"2026-02-18T14:44:04","guid":{"rendered":"https:\/\/www.newsrecorder.ro\/app\/2026\/02\/18\/drumuri-inchise-miercuri-ninsori-si-viscol-afecteaza-traficul\/"},"modified":"2026-02-18T14:44:04","modified_gmt":"2026-02-18T14:44:04","slug":"drumuri-inchise-miercuri-ninsori-si-viscol-afecteaza-traficul","status":"publish","type":"post","link":"https:\/\/www.newsrecorder.ro\/app\/2026\/02\/18\/drumuri-inchise-miercuri-ninsori-si-viscol-afecteaza-traficul\/","title":{"rendered":"Drumuri \u00eenchise miercuri: Ninsori \u0219i viscol afecteaz\u0103 traficul!"},"content":{"rendered":"<p>Conform informa\u021biilor furnizate de Infotrafic, condi\u021biile de iarn\u0103 afecteaz\u0103 circula\u021bia rutier\u0103, cu z\u0103pad\u0103 depus\u0103 pe carosabil pe mai multe autostr\u0103zi din Rom\u00e2nia. Acestea includ A1 Bucure\u0219ti-R\u00e2mnicu V\u00e2lcea, A2 Bucure\u0219ti-Cernavod\u0103, A3 Bucure\u0219ti-Bra\u0219ov, A7 Ploie\u0219ti-Adjud \u0219i A0 Centura Bucure\u0219ti.<\/p>\n<p>De asemenea, pe DN 67C, \u00eentre localit\u0103\u021bile R\u00e2nca \u0219i Novaci, \u00een jude\u021bul Gorj, circula\u021bia se desf\u0103\u0219oar\u0103 cu dificultate pe ambele sensuri de mers, din cauza utilajelor de desz\u0103pezire \u0219i a echipajelor de poli\u021bie care monitorizeaz\u0103 situa\u021bia.<\/p>\n<p>\u00cen ceea ce prive\u0219te restric\u021biile de tonaj, autovehiculele cu o greutate mai mare de 7.5 tone sunt interzise pe urm\u0103toarele tronsoane ale autostr\u0103zii A2 Bucure\u0219ti-Cernavod\u0103:<\/p>\n<ul>\n<li>Ambele sensuri de deplasare, \u00eentre km 144 \u2013 105, de la Fete\u0219ti, jude\u021bul Ialomi\u021ba, p\u00e2n\u0103 la Dragalina, jude\u021bul C\u0103l\u0103ra\u0219i.<\/li>\n<\/ul>\n<p>Din cauza vremii nefavorabile, anumite drumuri na\u021bionale sunt \u00eenchise \u00een diverse jude\u021be:<\/p>\n<p><strong>Jude\u021bul Buz\u0103u:<\/strong><\/p>\n<ul>\n<li>DN 22 R\u00e2mnicu S\u0103rat \u2013 B\u0103ile;<\/li>\n<\/ul>\n<p><strong>Jude\u021bul Br\u0103ila:<\/strong><\/p>\n<ul>\n<li>DN 22, de la limita cu jude\u021bul Buz\u0103u p\u00e2n\u0103 la Br\u0103ila;<\/li>\n<li>DN 21, \u00eentre localit\u0103\u021bile V\u0103rs\u0103tura \u0219i B\u0103r\u0103ganul (la limita cu jude\u021bul Ialomi\u021ba);<\/li>\n<li>DN 21A, \u00eentre localitatea B\u0103r\u0103ganul \u0219i limita cu jude\u021bul Ialomi\u021ba;<\/li>\n<li>DN 2S, \u00eentre municipiul Br\u0103ila \u0219i Jijila (jude\u021bul Tulcea).<\/li>\n<\/ul>\n<p><strong>Jude\u021bul Constan\u021ba:<\/strong><\/p>\n<ul>\n<li>DN 22A, \u00eentre localitatea Saraiu \u0219i limita cu jude\u021bul Tulcea;<\/li>\n<\/ul>\n<p><strong>Jude\u021bul Ialomi\u021ba:<\/strong><\/p>\n<ul>\n<li>DN 21A, \u00eentre \u021a\u0103nd\u0103rei \u0219i limita cu jude\u021bul Br\u0103ila;<\/li>\n<li>DN 21, \u00eentre Slobozia \u0219i Br\u0103ila;<\/li>\n<\/ul>\n<p><strong>Jude\u021bul Tulcea:<\/strong><\/p>\n<ul>\n<li>DN 2S, \u00eentre localitatea Jijila \u0219i podul Br\u0103ila;<\/li>\n<li>DN 22J, \u00eentre localitatea Sm\u00e2rdan \u0219i podul Br\u0103ila.<\/li>\n<\/ul>\n<p><strong>Jude\u021bul Vrancea:<\/strong><\/p>\n<ul>\n<li>DN 23B, \u00eentre localit\u0103\u021bile M\u0103ic\u0103ne\u0219ti \u0219i Cior\u0103\u0219ti;<\/li>\n<li>DN 2N, \u00eentre Bogza \u0219i Dumbr\u0103veni.<\/li>\n<\/ul>\n<p>De asemenea, exist\u0103 restric\u021bii pentru autovehiculele cu masa maxim\u0103 autorizat\u0103 mai mare de 3.5 tone, din cauza condi\u021biilor meteo nefavorabile:<\/p>\n<p><strong>Jude\u021bul Buz\u0103u:<\/strong><\/p>\n<ul>\n<li>DN 2C, \u00eentre Coste\u0219ti \u0219i Padina;<\/li>\n<\/ul>\n<p><strong>Jude\u021bul Constan\u021ba:<\/strong><\/p>\n<ul>\n<li>DN 22C, \u00eentre Cernavod\u0103 \u0219i Murfatlar;<\/li>\n<li>DN 38, \u00eentre Vama Negru Vod\u0103 \u0219i Agigea;<\/li>\n<li>DN 22A, \u00eentre Tulcea \u0219i H\u00e2r\u0219ova;<\/li>\n<li>DN 2A, \u00eentre Giurgeni \u0219i intersec\u021bia DN2A\/DN 22;<\/li>\n<li>DN 3, \u00eentre Constan\u021ba \u0219i Ostrov (la limita cu jude\u021bul C\u0103l\u0103ra\u0219i);<\/li>\n<li>DN 22, \u00eentre Lumina \u0219i limita cu jude\u021bul Tulcea.<\/li>\n<\/ul>\n<p><strong>Jude\u021bul Ialomi\u021ba:<\/strong><\/p>\n<ul>\n<li>DN 2C, \u00eentre Slobozia \u0219i limita cu jude\u021bul Buz\u0103u;<\/li>\n<li>DN 21, \u00eentre Drajna \u0219i Slobozia;<\/li>\n<\/ul>\n<p><strong>Jude\u021bul Tulcea:<\/strong><\/p>\n<ul>\n<li>DN 22A, \u00eentre localit\u0103\u021bile Cataloi \u0219i Topolog;<\/li>\n<li>DN 22, \u00eentre Babadag \u0219i Baia, jude\u021bul Constan\u021ba.<\/li>\n<\/ul>\n<p>\u00cen plus, drumurile na\u021bionale cu trafic restric\u021bionat pentru autovehiculele cu masa maxim\u0103 autorizat\u0103 mai mare de 7.5 tone includ:<\/p>\n<p><strong>Jude\u021bul Ialomi\u021ba:<\/strong><\/p>\n<ul>\n<li>DN 2A, \u00eentre Urziceni \u0219i Giurgeni.<\/li>\n<\/ul>\n<p><strong>Jude\u021bul Tulcea:<\/strong><\/p>\n<ul>\n<li>DN 22, \u00eentre Isaccea \u0219i Jijila.<\/li>\n<\/ul>\n<p><strong>Jude\u021bul Vrancea:<\/strong><\/p>\n<ul>\n<li>DN 23, \u00eentre Foc\u0219ani \u0219i N\u0103ne\u0219ti.<\/li>\n<\/ul>\n","protected":false},"excerpt":{"rendered":"<p>Conform informa\u021biilor furnizate de Infotrafic, condi\u021biile de iarn\u0103 afecteaz\u0103 circula\u021bia rutier\u0103, cu z\u0103pad\u0103 depus\u0103 pe carosabil pe mai multe autostr\u0103zi din Rom\u00e2nia. Acestea includ A1 Bucure\u0219ti-R\u00e2mnicu V\u00e2lcea, A2 Bucure\u0219ti-Cernavod\u0103, A3 Bucure\u0219ti-Bra\u0219ov, A7 Ploie\u0219ti-Adjud \u0219i A0 Centura Bucure\u0219ti. De asemenea, pe DN 67C, \u00eentre localit\u0103\u021bile R\u00e2nca \u0219i Novaci, \u00een jude\u021bul Gorj, circula\u021bia se desf\u0103\u0219oar\u0103 cu dificultate [&hellip;]<\/p>\n","protected":false},"author":2,"featured_media":3815,"comment_status":"open","ping_status":"open","sticky":false,"template":"","format":"standard","meta":{"jnews-multi-image_gallery":[],"jnews_single_post":[],"jnews_primary_category":[],"jnews_override_counter":[],"footnotes":""},"categories":[39],"tags":[6099,853,6097,2239,6100,6101,6098,6102],"class_list":["post-3814","post","type-post","status-publish","format-standard","has-post-thumbnail","hentry","category-stirile-zilei","tag-autostrazi-romania","tag-circulatie-rutiera","tag-conditii-de-iarna","tag-deszapezire","tag-drumuri-inchise","tag-judetul-buzau","tag-restrictii-de-tonaj","tag-utilaje-de-deszapezire"],"_links":{"self":[{"href":"https:\/\/www.newsrecorder.ro\/app\/wp-json\/wp\/v2\/posts\/3814","targetHints":{"allow":["GET"]}}],"collection":[{"href":"https:\/\/www.newsrecorder.ro\/app\/wp-json\/wp\/v2\/posts"}],"about":[{"href":"https:\/\/www.newsrecorder.ro\/app\/wp-json\/wp\/v2\/types\/post"}],"author":[{"embeddable":true,"href":"https:\/\/www.newsrecorder.ro\/app\/wp-json\/wp\/v2\/users\/2"}],"replies":[{"embeddable":true,"href":"https:\/\/www.newsrecorder.ro\/app\/wp-json\/wp\/v2\/comments?post=3814"}],"version-history":[{"count":0,"href":"https:\/\/www.newsrecorder.ro\/app\/wp-json\/wp\/v2\/posts\/3814\/revisions"}],"wp:featuredmedia":[{"embeddable":true,"href":"https:\/\/www.newsrecorder.ro\/app\/wp-json\/wp\/v2\/media\/3815"}],"wp:attachment":[{"href":"https:\/\/www.newsrecorder.ro\/app\/wp-json\/wp\/v2\/media?parent=3814"}],"wp:term":[{"taxonomy":"category","embeddable":true,"href":"https:\/\/www.newsrecorder.ro\/app\/wp-json\/wp\/v2\/categories?post=3814"},{"taxonomy":"post_tag","embeddable":true,"href":"https:\/\/www.newsrecorder.ro\/app\/wp-json\/wp\/v2\/tags?post=3814"}],"curies":[{"name":"wp","href":"https:\/\/api.w.org\/{rel}","templated":true}]}}