{"id":3818,"date":"2026-02-18T14:44:41","date_gmt":"2026-02-18T14:44:41","guid":{"rendered":"https:\/\/www.newsrecorder.ro\/app\/2026\/02\/18\/bolojan-loveste-indemnizatia-doctorilor-cu-47-mai-mica\/"},"modified":"2026-02-18T14:44:41","modified_gmt":"2026-02-18T14:44:41","slug":"bolojan-loveste-indemnizatia-doctorilor-cu-47-mai-mica","status":"publish","type":"post","link":"https:\/\/www.newsrecorder.ro\/app\/2026\/02\/18\/bolojan-loveste-indemnizatia-doctorilor-cu-47-mai-mica\/","title":{"rendered":"Bolojan love\u0219te: indemniza\u021bia doctorilor cu 47% mai mic\u0103!"},"content":{"rendered":"<p>De\u021bin\u0103torii titlului \u0219tiin\u021bific de doctor se afl\u0103 \u00een fa\u021ba unei noi provoc\u0103ri generate de administra\u021bia <a href=\"https:\/\/www.mediafax.ro\/breaking-news\/prima-reactie-a-lui-bolojan-dupa-decizia-ccr-privind-pensiile-speciale-vom-face-demersurile-pentru-recuperarea-banilor-23688895\">Bolojan<\/a>. Miercuri, acesta a adus \u00een aten\u021bia publicului un proiect de Ordonan\u021b\u0103 de Urgen\u021b\u0103, \u201e\u00een varianta agreat\u0103 \u00een coali\u021bie\u201d, care propune o reducere semnificativ\u0103 a indemniza\u021biei pentru titlul de doctor \u00eencep\u00e2nd din anul 2026.<\/p>\n<p>Conform Legii-cadru nr. 153\/2017, de\u021bin\u0103torii titlului \u0219tiin\u021bific de doctor vor beneficia \u00een anul 2026 de o indemniza\u021bie fix\u0103 de 500 de lei brut lunar. Aceast\u0103 sum\u0103 va fi acordat\u0103 doar persoanelor care \u00ee\u0219i desf\u0103\u0219oar\u0103 activitatea \u00een domeniul pentru care au ob\u021binut titlul \u0219i care au \u00een fi\u0219a postului atribu\u021bii obiective \u0219i cuantificabile, permi\u021b\u00e2nd astfel verificarea modului \u00een care activitatea este valorificat\u0103 suplimentar.<\/p>\n<p>\u00cencep\u00e2nd din 2018, indemniza\u021bia pentru doctorat a r\u0103mas constant\u0103, \u00een ciuda cre\u0219terilor salariului minim brut. Astfel, conform articolului LIV din aceea\u0219i lege, \u00een anul 2026, indemniza\u021bia pentru titlul \u0219tiin\u021bific de doctor va fi plafonat\u0103 la 500 de lei brut lunar, ceea ce reprezint\u0103 o sc\u0103dere considerabil\u0103 fa\u021b\u0103 de alte perioade.<\/p>\n<p>Legea prevede c\u0103 indemniza\u021bia pentru doctorat ar trebui s\u0103 fie de 50% din salariul minim brut pe \u021bar\u0103. Totu\u0219i, \u00een practic\u0103, aceasta a fost limitat\u0103 la salariul minim din 2018, care era de 1.900 de lei, echival\u00e2nd cu 950 de lei brut pe lun\u0103. Aceast\u0103 sum\u0103 a r\u0103mas neschimbat\u0103, \u00een ciuda cre\u0219terilor ulterioare ale salariului minim.<\/p>\n<p>Proiectul legislativ actual aduce \u00een discu\u021bie o reducere drastic\u0103 a indemniza\u021biei la 500 de lei brut, ceea ce se traduce \u00eentr-un net de doar 293 de lei, reprezent\u00e2nd o t\u0103iere de 47% din suma anterior men\u021bionat\u0103.<\/p>\n<p>Nota de Fundamentare a proiectului justific\u0103 aceast\u0103 m\u0103sur\u0103 prin angajamentele asumate fa\u021b\u0103 de Uniunea European\u0103, viz\u00e2nd corectarea deficitului excesiv \u0219i reducerea acestuia sub 3% din PIB p\u00e2n\u0103 \u00een 2031. Documentul subliniaz\u0103 necesitatea limit\u0103rii cheltuielilor publice, simplific\u0103rii procedurilor administrative \u0219i \u00eembun\u0103t\u0103\u021birii eficien\u021bei utiliz\u0103rii resurselor la nivel central \u0219i local.<\/p>\n<p>Cu toate c\u0103 Nota de Fundamentare aduce argumente \u00een favoarea acestei m\u0103suri, nu se prezint\u0103 niciun studiu de caz relevant. Documentul nu detaliaz\u0103 num\u0103rul exact al beneficiarilor, nu estimeaz\u0103 economia bugetar\u0103 generat\u0103 de implementarea acestui proiect \u0219i nu analizeaz\u0103 impactul financiar asupra celor afecta\u021bi.<\/p>\n<p>Astfel, m\u0103sura va influen\u021ba to\u021bi de\u021bin\u0103torii titlului de doctor, incluz\u00e2nd cadre didactice, personal universitar, cercet\u0103tori \u0219i func\u021bionari publici, care \u00ee\u0219i desf\u0103\u0219oar\u0103 activitatea \u00een domeniul corespunz\u0103tor \u0219i au atribu\u021bii clar definite \u00een fi\u0219a postului. Aceast\u0103 decizie ridic\u0103 semne de \u00eentrebare asupra viitorului acestor profesioni\u0219ti \u0219i asupra valorii pe care statul rom\u00e2n o acord\u0103 cercet\u0103rii \u0219i educa\u021biei superioare.<\/p>\n","protected":false},"excerpt":{"rendered":"<p>De\u021bin\u0103torii titlului \u0219tiin\u021bific de doctor se afl\u0103 \u00een fa\u021ba unei noi provoc\u0103ri generate de administra\u021bia Bolojan. Miercuri, acesta a adus \u00een aten\u021bia publicului un proiect de Ordonan\u021b\u0103 de Urgen\u021b\u0103, \u201e\u00een varianta agreat\u0103 \u00een coali\u021bie\u201d, care propune o reducere semnificativ\u0103 a indemniza\u021biei pentru titlul de doctor \u00eencep\u00e2nd din anul 2026. Conform Legii-cadru nr. 153\/2017, de\u021bin\u0103torii titlului [&hellip;]<\/p>\n","protected":false},"author":2,"featured_media":3819,"comment_status":"open","ping_status":"open","sticky":false,"template":"","format":"standard","meta":{"jnews-multi-image_gallery":[],"jnews_single_post":[],"jnews_primary_category":[],"jnews_override_counter":[],"footnotes":""},"categories":[39],"tags":[6107,6106,2590,6109,6108,6110,6111,6105],"class_list":["post-3818","post","type-post","status-publish","format-standard","has-post-thumbnail","hentry","category-stirile-zilei","tag-administratia-bolojan","tag-doctor","tag-indemnizatie","tag-legea-cadru-nr-153-2017","tag-proiect-ordonanta-de-urgenta","tag-reducere","tag-salariu-minim","tag-titlu-stiintific"],"_links":{"self":[{"href":"https:\/\/www.newsrecorder.ro\/app\/wp-json\/wp\/v2\/posts\/3818","targetHints":{"allow":["GET"]}}],"collection":[{"href":"https:\/\/www.newsrecorder.ro\/app\/wp-json\/wp\/v2\/posts"}],"about":[{"href":"https:\/\/www.newsrecorder.ro\/app\/wp-json\/wp\/v2\/types\/post"}],"author":[{"embeddable":true,"href":"https:\/\/www.newsrecorder.ro\/app\/wp-json\/wp\/v2\/users\/2"}],"replies":[{"embeddable":true,"href":"https:\/\/www.newsrecorder.ro\/app\/wp-json\/wp\/v2\/comments?post=3818"}],"version-history":[{"count":0,"href":"https:\/\/www.newsrecorder.ro\/app\/wp-json\/wp\/v2\/posts\/3818\/revisions"}],"wp:featuredmedia":[{"embeddable":true,"href":"https:\/\/www.newsrecorder.ro\/app\/wp-json\/wp\/v2\/media\/3819"}],"wp:attachment":[{"href":"https:\/\/www.newsrecorder.ro\/app\/wp-json\/wp\/v2\/media?parent=3818"}],"wp:term":[{"taxonomy":"category","embeddable":true,"href":"https:\/\/www.newsrecorder.ro\/app\/wp-json\/wp\/v2\/categories?post=3818"},{"taxonomy":"post_tag","embeddable":true,"href":"https:\/\/www.newsrecorder.ro\/app\/wp-json\/wp\/v2\/tags?post=3818"}],"curies":[{"name":"wp","href":"https:\/\/api.w.org\/{rel}","templated":true}]}}