{"id":3824,"date":"2026-02-18T14:45:40","date_gmt":"2026-02-18T14:45:40","guid":{"rendered":"https:\/\/www.newsrecorder.ro\/app\/2026\/02\/18\/scandal-in-parlament-doi-senatori-romani-pe-punctul-de-a-se-bate\/"},"modified":"2026-02-18T14:45:40","modified_gmt":"2026-02-18T14:45:40","slug":"scandal-in-parlament-doi-senatori-romani-pe-punctul-de-a-se-bate","status":"publish","type":"post","link":"https:\/\/www.newsrecorder.ro\/app\/2026\/02\/18\/scandal-in-parlament-doi-senatori-romani-pe-punctul-de-a-se-bate\/","title":{"rendered":"Scandal \u00een Parlament: Doi senatori rom\u00e2ni pe punctul de a se bate!"},"content":{"rendered":"<p>Recent, un scandal a izbucnit \u00een r\u00e2ndul senatorilor rom\u00e2ni, av\u00e2nd ca protagoni\u0219ti pe senatoarea PSD, Victoria Stoiciu, \u0219i senatorul PACE, Liviu Fodorca. Conform unor imagini surprinse \u00een timpul incidentului, cele dou\u0103 personaje au intrat \u00eentr-un conflict verbal \u00een plenul senatului.<\/p>\n<p>\u00cen mijlocul disputei, colegul de partid al senatoarei, Ionel Floroiu, a intervenit pentru a o ap\u0103ra, \u00eembr\u00e2ncindu-l pe senatorul din opozi\u021bie, care se afla \u00een posesia unui telefon mobil. Aceast\u0103 reac\u021bie a st\u00e2rnit \u0219i mai multe reac\u021bii din partea celor prezen\u021bi \u00een sal\u0103.<\/p>\n<p>Un alt parlamentar a avut inspira\u021bia de a filma \u00eentreaga scen\u0103, \u00een timp ce vocile din sal\u0103 se intensificau. Diverse acuza\u021bii au fost lansate, iar de la conducerea plenului s-a cerut calm. \u201eNu pune m\u00e2na pe el, madame unde te crezi? Hei, hei, ia m\u00e2na de pe el. Ia uita\u021bi c\u00e2t de agresive sunt slugile pesediste\u201d, s-a auzit \u00een fundal, subliniind intensitatea momentului.<\/p>\n<p>\u00cen cele din urm\u0103, scandalul a fost aplanat de interven\u021bia a doi senatori, care au reu\u0219it s\u0103 readuc\u0103 lini\u0219tea \u00een plen.<\/p>\n","protected":false},"excerpt":{"rendered":"<p>Recent, un scandal a izbucnit \u00een r\u00e2ndul senatorilor rom\u00e2ni, av\u00e2nd ca protagoni\u0219ti pe senatoarea PSD, Victoria Stoiciu, \u0219i senatorul PACE, Liviu Fodorca. Conform unor imagini surprinse \u00een timpul incidentului, cele dou\u0103 personaje au intrat \u00eentr-un conflict verbal \u00een plenul senatului. \u00cen mijlocul disputei, colegul de partid al senatoarei, Ionel Floroiu, a intervenit pentru a o [&hellip;]<\/p>\n","protected":false},"author":2,"featured_media":3825,"comment_status":"open","ping_status":"open","sticky":false,"template":"","format":"standard","meta":{"jnews-multi-image_gallery":[],"jnews_single_post":[],"jnews_primary_category":[],"jnews_override_counter":[],"footnotes":""},"categories":[39],"tags":[6125,6123,6124,6122,1047,1630,6120,6121],"class_list":["post-3824","post","type-post","status-publish","format-standard","has-post-thumbnail","hentry","category-stirile-zilei","tag-agresivitate","tag-conflict-verbal","tag-ionel-floroiu","tag-liviu-fodorca","tag-partid","tag-scandal","tag-senatori","tag-victoria-stoiciu"],"_links":{"self":[{"href":"https:\/\/www.newsrecorder.ro\/app\/wp-json\/wp\/v2\/posts\/3824","targetHints":{"allow":["GET"]}}],"collection":[{"href":"https:\/\/www.newsrecorder.ro\/app\/wp-json\/wp\/v2\/posts"}],"about":[{"href":"https:\/\/www.newsrecorder.ro\/app\/wp-json\/wp\/v2\/types\/post"}],"author":[{"embeddable":true,"href":"https:\/\/www.newsrecorder.ro\/app\/wp-json\/wp\/v2\/users\/2"}],"replies":[{"embeddable":true,"href":"https:\/\/www.newsrecorder.ro\/app\/wp-json\/wp\/v2\/comments?post=3824"}],"version-history":[{"count":0,"href":"https:\/\/www.newsrecorder.ro\/app\/wp-json\/wp\/v2\/posts\/3824\/revisions"}],"wp:featuredmedia":[{"embeddable":true,"href":"https:\/\/www.newsrecorder.ro\/app\/wp-json\/wp\/v2\/media\/3825"}],"wp:attachment":[{"href":"https:\/\/www.newsrecorder.ro\/app\/wp-json\/wp\/v2\/media?parent=3824"}],"wp:term":[{"taxonomy":"category","embeddable":true,"href":"https:\/\/www.newsrecorder.ro\/app\/wp-json\/wp\/v2\/categories?post=3824"},{"taxonomy":"post_tag","embeddable":true,"href":"https:\/\/www.newsrecorder.ro\/app\/wp-json\/wp\/v2\/tags?post=3824"}],"curies":[{"name":"wp","href":"https:\/\/api.w.org\/{rel}","templated":true}]}}