{"id":3826,"date":"2026-02-18T15:05:53","date_gmt":"2026-02-18T15:05:53","guid":{"rendered":"https:\/\/www.newsrecorder.ro\/app\/2026\/02\/18\/bucurestiul-imbracat-in-alb-spectaculoase-imagini-dupa-ninsoare\/"},"modified":"2026-02-18T15:05:53","modified_gmt":"2026-02-18T15:05:53","slug":"bucurestiul-imbracat-in-alb-spectaculoase-imagini-dupa-ninsoare","status":"publish","type":"post","link":"https:\/\/www.newsrecorder.ro\/app\/2026\/02\/18\/bucurestiul-imbracat-in-alb-spectaculoase-imagini-dupa-ninsoare\/","title":{"rendered":"Bucure\u0219tiul \u00eembr\u0103cat \u00een alb: Spectaculoase imagini dup\u0103 ninsoare!"},"content":{"rendered":"<p>Imaginile de miercuri din Bucure\u0219ti sunt o dovad\u0103 a puterii naturii, cu n\u0103me\u021bi, trotuare acoperite \u0219i ma\u0219ini \u00eengropate \u00een z\u0103pad\u0103, toate acestea fiind rezultatul ninsorilor abundente \u0219i viscolului care au avut loc \u00een ultimele 24 de ore. Fotojurnali\u0219tii de la Mediafax Foto au reu\u0219it s\u0103 surprind\u0103 atmosfera capitalei \u00een plin sezon de iarn\u0103, iar fotografiile pot fi admirate \u00een <a href=\"https:\/\/www.mediafax.ro\/poze\/bucurestiul-sub-zapada-imagini-dupa-ninsorile-abundente-23689066\">galeria foto<\/a>.<\/p>\n<p>Mar\u021bi sear\u0103, Bucure\u0219tiul a intrat sub inciden\u021ba unei aten\u021bion\u0103ri de tip Cod portocaliu, av\u00e2nd \u00een vedere condi\u021biile meteo severe, cu ninsori abundente, un strat consistent de z\u0103pad\u0103 \u0219i intensific\u0103ri puternice ale v\u00e2ntului.<\/p>\n<p>\u00cen timpul nop\u021bii, meteorologii au emis o avertizare nowcasting de Cod ro\u0219u pentru municipiul Bucure\u0219ti, valabil\u0103 miercuri \u00eentre orele 04:20 \u0219i 08:20, anun\u021b\u00e2nd ninsoare abundent\u0103 \u0219i viscol. Aceast\u0103 alert\u0103 a fost \u00eenso\u021bit\u0103 de un mesaj RO-ALERT, care a fost transmis \u00een jurul orei 04:20.<\/p>\n<p>Circula\u021bia \u00een ora\u0219 s-a desf\u0103\u0219urat \u00een condi\u021bii de iarn\u0103, iar traficul a fost \u00eengreunat \u00een mai multe zone, pe m\u0103sur\u0103 ce z\u0103pada s-a acumulat pe carosabil \u0219i pe trotuare, cre\u00e2nd dificult\u0103\u021bi pentru \u0219oferi \u0219i pietoni deopotriv\u0103.<\/p>\n<p>Aceast\u0103 vreme sever\u0103 a avut un impact semnificativ \u0219i asupra transportului aerian. Aeroportul Interna\u021bional \u201eHenri Coand\u0103\u201d a fost afectat, iar mai multe curse au fost re\u021binute la sol din cauza condi\u021biilor meteorologice extrem de nefavorabile.<\/p>\n<p>Pompierii din Capital\u0103 au fost solicita\u021bi s\u0103 intervin\u0103 pentru a \u00eendep\u0103rta copacii c\u0103zu\u021bi din cauza viscolului, ad\u0103ug\u00e2nd un alt nivel de dificultate \u00een gestionarea situa\u021biei.<\/p>\n<p>Elena Mateescu, directorul ANM, a declarat c\u0103 acest episod de iarn\u0103 este \u201ecel mai sever din sezonul 2025\u20132026\u201d, subliniind gravitatea condi\u021biilor meteo cu care se confrunt\u0103 Bucure\u0219tiul \u00een prezent.<\/p>\n","protected":false},"excerpt":{"rendered":"<p>Imaginile de miercuri din Bucure\u0219ti sunt o dovad\u0103 a puterii naturii, cu n\u0103me\u021bi, trotuare acoperite \u0219i ma\u0219ini \u00eengropate \u00een z\u0103pad\u0103, toate acestea fiind rezultatul ninsorilor abundente \u0219i viscolului care au avut loc \u00een ultimele 24 de ore. Fotojurnali\u0219tii de la Mediafax Foto au reu\u0219it s\u0103 surprind\u0103 atmosfera capitalei \u00een plin sezon de iarn\u0103, iar fotografiile [&hellip;]<\/p>\n","protected":false},"author":2,"featured_media":3827,"comment_status":"open","ping_status":"open","sticky":false,"template":"","format":"standard","meta":{"jnews-multi-image_gallery":[],"jnews_single_post":[],"jnews_primary_category":[],"jnews_override_counter":[],"footnotes":""},"categories":[39],"tags":[362,1140,5991,1808,133,743,1142,729],"class_list":["post-3826","post","type-post","status-publish","format-standard","has-post-thumbnail","hentry","category-stirile-zilei","tag-bucuresti","tag-cod-portocaliu","tag-cod-rosu","tag-conditii-meteo","tag-meteorologie","tag-ninsoare","tag-viscol","tag-zapada"],"_links":{"self":[{"href":"https:\/\/www.newsrecorder.ro\/app\/wp-json\/wp\/v2\/posts\/3826","targetHints":{"allow":["GET"]}}],"collection":[{"href":"https:\/\/www.newsrecorder.ro\/app\/wp-json\/wp\/v2\/posts"}],"about":[{"href":"https:\/\/www.newsrecorder.ro\/app\/wp-json\/wp\/v2\/types\/post"}],"author":[{"embeddable":true,"href":"https:\/\/www.newsrecorder.ro\/app\/wp-json\/wp\/v2\/users\/2"}],"replies":[{"embeddable":true,"href":"https:\/\/www.newsrecorder.ro\/app\/wp-json\/wp\/v2\/comments?post=3826"}],"version-history":[{"count":0,"href":"https:\/\/www.newsrecorder.ro\/app\/wp-json\/wp\/v2\/posts\/3826\/revisions"}],"wp:featuredmedia":[{"embeddable":true,"href":"https:\/\/www.newsrecorder.ro\/app\/wp-json\/wp\/v2\/media\/3827"}],"wp:attachment":[{"href":"https:\/\/www.newsrecorder.ro\/app\/wp-json\/wp\/v2\/media?parent=3826"}],"wp:term":[{"taxonomy":"category","embeddable":true,"href":"https:\/\/www.newsrecorder.ro\/app\/wp-json\/wp\/v2\/categories?post=3826"},{"taxonomy":"post_tag","embeddable":true,"href":"https:\/\/www.newsrecorder.ro\/app\/wp-json\/wp\/v2\/tags?post=3826"}],"curies":[{"name":"wp","href":"https:\/\/api.w.org\/{rel}","templated":true}]}}