{"id":3830,"date":"2026-02-18T19:07:09","date_gmt":"2026-02-18T19:07:09","guid":{"rendered":"https:\/\/www.newsrecorder.ro\/app\/2026\/02\/18\/uraganul-inghetat-matura-anadir-iarna-apocaliptica-afecteaza-familiile-soldatilor\/"},"modified":"2026-02-18T19:07:09","modified_gmt":"2026-02-18T19:07:09","slug":"uraganul-inghetat-matura-anadir-iarna-apocaliptica-afecteaza-familiile-soldatilor","status":"publish","type":"post","link":"https:\/\/www.newsrecorder.ro\/app\/2026\/02\/18\/uraganul-inghetat-matura-anadir-iarna-apocaliptica-afecteaza-familiile-soldatilor\/","title":{"rendered":"Uraganul \u00eenghe\u021bat \u201em\u0103tur\u0103\u201d Anad\u00eer: Iarn\u0103 apocaliptic\u0103 afecteaz\u0103 familiile solda\u021bilor"},"content":{"rendered":"<p class=\"p1\">Conform informa\u021biilor din mass-media, un v\u00e2nt extrem de puternic a atins intensitatea unui uragan, f\u0103c\u00e2nd circula\u021bia pe str\u0103zi aproape imposibil\u0103. Imaginile surprinse arat\u0103 oameni care se ag\u0103\u021bau de st\u00e2lpii de \u00eenalt\u0103 tensiune, \u00eencerc\u00e2nd s\u0103 nu fie \u201em\u0103turati\u201d de rafalele devastatoare.<\/p>\n<p class=\"p1\">Aceste rafale, combinate cu ninsoarea, au atins viteze de p\u00e2n\u0103 la 50 de metri pe secund\u0103, cre\u00e2nd o situa\u021bie de urgen\u021b\u0103 \u00een ora\u0219.<\/p>\n<p class=\"p1\">Din aceast\u0103 cauz\u0103, cursurile de dup\u0103-amiaz\u0103 au fost suspendate, iar autobuzele locale au \u00eentrerupt serviciile de transport. Autorit\u0103\u021bile locale au \u00eendemnat cet\u0103\u021benii s\u0103 evite structurile instabile \u0219i s\u0103 r\u0103m\u00e2n\u0103 \u00een interior, cu excep\u021bia cazurilor de strict\u0103 necesitate.<\/p>\n<p class=\"p1\">Primarul ora\u0219ului Anad\u00eer, Sergei Spitsyn, a lansat un apel c\u0103tre comunitate, men\u021bion\u00e2nd c\u0103 v\u00e2ntul a dep\u0103\u0219it viteza de 40 m\/s. \u201eAst\u0103zi, o furtun\u0103 at\u00e2t de intens\u0103 ne-a lovit pentru prima dat\u0103 dup\u0103 o perioad\u0103 lung\u0103 de timp\u201d, a declarat el.<\/p>\n<p class=\"p1\">\u201eAm fost \u00een centrul evenimentelor, monitoriz\u00e2nd situa\u021bia actual\u0103. \u00cempreun\u0103 cu reprezentan\u021bii organiza\u021biilor de \u00eentre\u021binere, am inspectat cl\u0103dirile sociale \u0219i reziden\u021biale, unde am descoperit daune semnificative cauzate de acest fenomen natural. V\u00e2ntul puternic a smuls buc\u0103\u021bi din acoperi\u0219uri \u0219i fa\u021bade, fiind necesare inspec\u021bii detaliate \u0219i evalu\u0103ri pentru a planifica lucr\u0103rile de repara\u021bie c\u00e2t mai cur\u00e2nd posibil\u201d, a ad\u0103ugat el.<\/p>\n<p class=\"p1\">Primarul a continuat s\u0103 colaboreze cu echipa sa \u0219i cu \u0219efii serviciilor comunale pentru a r\u0103spunde rapid nevoilor popula\u021biei. Datorit\u0103 eforturilor angaja\u021bilor Companiei de Transport din Anad\u00eer, drumul c\u0103tre Tavayvaam a fost deschis, iar livr\u0103rile de p\u00e2ine proasp\u0103t\u0103 de la combinatul alimentar \u201ePolar\u201d au fost realizate c\u0103tre liceul din regiune, colegiul multidisciplinar \u0219i locuitorii celei mai afectate cl\u0103diri de pe strada Partizanskaya 7.<\/p>\n<p class=\"p1\">\u00cen r\u00e2ndul celor care au primit p\u00e2ine s-au aflat b\u0103tr\u00e2ni, familii numeroase, persoane cu venituri mici \u0219i familiile participan\u021bilor la R\u0103zboiul din Ucraina. \u201e\u00cen\u021belegem responsabilitatea pe care o avem fa\u021b\u0103 de locuitorii ora\u0219ului \u0219i ne angaj\u0103m s\u0103 oferim asisten\u021b\u0103 prompt\u0103 fiec\u0103rei persoane aflate \u00een dificultate\u201d, a concluzionat primarul Spitsyn.<\/p>\n","protected":false},"excerpt":{"rendered":"<p>Conform informa\u021biilor din mass-media, un v\u00e2nt extrem de puternic a atins intensitatea unui uragan, f\u0103c\u00e2nd circula\u021bia pe str\u0103zi aproape imposibil\u0103. Imaginile surprinse arat\u0103 oameni care se ag\u0103\u021bau de st\u00e2lpii de \u00eenalt\u0103 tensiune, \u00eencerc\u00e2nd s\u0103 nu fie \u201em\u0103turati\u201d de rafalele devastatoare. Aceste rafale, combinate cu ninsoarea, au atins viteze de p\u00e2n\u0103 la 50 de metri pe [&hellip;]<\/p>\n","protected":false},"author":5,"featured_media":3831,"comment_status":"open","ping_status":"open","sticky":false,"template":"","format":"standard","meta":{"jnews-multi-image_gallery":[],"jnews_single_post":[],"jnews_primary_category":[],"jnews_override_counter":[],"footnotes":""},"categories":[45],"tags":[869,1150,743,5680,2625,6126,5679,994],"class_list":["post-3830","post","type-post","status-publish","format-standard","has-post-thumbnail","hentry","category-meteo","tag-autoritati-locale","tag-circulatie","tag-ninsoare","tag-rafale","tag-situatie-de-urgenta","tag-suspendare-cursuri","tag-uragan","tag-vant-puternic"],"_links":{"self":[{"href":"https:\/\/www.newsrecorder.ro\/app\/wp-json\/wp\/v2\/posts\/3830","targetHints":{"allow":["GET"]}}],"collection":[{"href":"https:\/\/www.newsrecorder.ro\/app\/wp-json\/wp\/v2\/posts"}],"about":[{"href":"https:\/\/www.newsrecorder.ro\/app\/wp-json\/wp\/v2\/types\/post"}],"author":[{"embeddable":true,"href":"https:\/\/www.newsrecorder.ro\/app\/wp-json\/wp\/v2\/users\/5"}],"replies":[{"embeddable":true,"href":"https:\/\/www.newsrecorder.ro\/app\/wp-json\/wp\/v2\/comments?post=3830"}],"version-history":[{"count":0,"href":"https:\/\/www.newsrecorder.ro\/app\/wp-json\/wp\/v2\/posts\/3830\/revisions"}],"wp:featuredmedia":[{"embeddable":true,"href":"https:\/\/www.newsrecorder.ro\/app\/wp-json\/wp\/v2\/media\/3831"}],"wp:attachment":[{"href":"https:\/\/www.newsrecorder.ro\/app\/wp-json\/wp\/v2\/media?parent=3830"}],"wp:term":[{"taxonomy":"category","embeddable":true,"href":"https:\/\/www.newsrecorder.ro\/app\/wp-json\/wp\/v2\/categories?post=3830"},{"taxonomy":"post_tag","embeddable":true,"href":"https:\/\/www.newsrecorder.ro\/app\/wp-json\/wp\/v2\/tags?post=3830"}],"curies":[{"name":"wp","href":"https:\/\/api.w.org\/{rel}","templated":true}]}}