{"id":3832,"date":"2026-02-18T19:07:25","date_gmt":"2026-02-18T19:07:25","guid":{"rendered":"https:\/\/www.newsrecorder.ro\/app\/2026\/02\/18\/martie-aduce-o-surpriza-meteorologica-unde-va-fi-cea-mai-mare-schimbare\/"},"modified":"2026-02-18T19:07:25","modified_gmt":"2026-02-18T19:07:25","slug":"martie-aduce-o-surpriza-meteorologica-unde-va-fi-cea-mai-mare-schimbare","status":"publish","type":"post","link":"https:\/\/www.newsrecorder.ro\/app\/2026\/02\/18\/martie-aduce-o-surpriza-meteorologica-unde-va-fi-cea-mai-mare-schimbare\/","title":{"rendered":"Martie aduce o surpriz\u0103 meteorologic\u0103: unde va fi cea mai mare schimbare?"},"content":{"rendered":"<p class=\"font-claude-response-body break-words whitespace-normal leading-[1.7]\">\u00cen perioada 16 &#8211; 23 februarie, regiunile estice ale \u021b\u0103rii se vor confrunta cu temperaturi mai sc\u0103zute dec\u00e2t cele obi\u0219nuite pentru aceast\u0103 s\u0103pt\u0103m\u00e2n\u0103. \u00cen restul teritoriului, valorile termice se vor \u00eencadra \u00een limitele normale.<\/p>\n<p class=\"font-claude-response-body break-words whitespace-normal leading-[1.7]\">\u00cen ceea ce prive\u0219te precipita\u021biile, regimul pluviometric va fi deficitar la nivel na\u021bional, cu o penurie mai accentuat\u0103 \u00een sud-estul \u021b\u0103rii.<\/p>\n<p class=\"font-claude-response-body break-words whitespace-normal leading-[1.7]\">\u00centre 23 februarie \u0219i 2 martie, ne a\u0219tept\u0103m la o cre\u0219tere u\u0219oar\u0103 a temperaturilor medii, care vor dep\u0103\u0219i valorile normale \u00een majoritatea regiunilor. Aceast\u0103 \u00eenc\u0103lzire va fi mai pronun\u021bat\u0103 \u00een zonele sudice.<\/p>\n<p class=\"font-claude-response-body break-words whitespace-normal leading-[1.7]\">Cantit\u0103\u021bile de precipita\u021bii vor fi excedentare \u00een regiunile vestice, nord-vestice \u0219i centrale, \u00een timp ce \u00een alte p\u0103r\u021bi ale \u021b\u0103rii, acestea se vor men\u021bine aproape de normal.<\/p>\n<p class=\"font-claude-response-body break-words whitespace-normal leading-[1.7]\">\u00cen s\u0103pt\u0103m\u00e2na 2-9 martie, se preconizeaz\u0103 o temperatur\u0103 medie a aerului mai ridicat\u0103 dec\u00e2t cea specific\u0103 acestei perioade \u00een majoritatea regiunilor, semnal\u00e2nd astfel sosirea prim\u0103verii meteorologice.<\/p>\n<p class=\"font-claude-response-body break-words whitespace-normal leading-[1.7]\">Regimul pluviometric va fi, \u00een general, apropiat de normal pentru acest interval \u00een toate regiunile, f\u0103r\u0103 riscuri de excese de precipita\u021bii sau secet\u0103.<\/p>\n<p class=\"font-claude-response-body break-words whitespace-normal leading-[1.7]\">\u00cen s\u0103pt\u0103m\u00e2na 9-16 martie, valorile termice se vor men\u021bine u\u0219or peste cele specifice, favoriz\u00e2nd activit\u0103\u021bile \u00een aer liber.<\/p>\n<p class=\"font-claude-response-body break-words whitespace-normal leading-[1.7]\">Cantit\u0103\u021bile de precipita\u021bii vor r\u0103m\u00e2ne aproape de cele normale pentru aceast\u0103 perioad\u0103 pe \u00eentreg teritoriul, iar echilibrul termic \u0219i pluviometric va crea condi\u021bii ideale pentru \u00eenceputul prim\u0103verii.<\/p>\n","protected":false},"excerpt":{"rendered":"<p>\u00cen perioada 16 &#8211; 23 februarie, regiunile estice ale \u021b\u0103rii se vor confrunta cu temperaturi mai sc\u0103zute dec\u00e2t cele obi\u0219nuite pentru aceast\u0103 s\u0103pt\u0103m\u00e2n\u0103. \u00cen restul teritoriului, valorile termice se vor \u00eencadra \u00een limitele normale. \u00cen ceea ce prive\u0219te precipita\u021biile, regimul pluviometric va fi deficitar la nivel na\u021bional, cu o penurie mai accentuat\u0103 \u00een sud-estul \u021b\u0103rii. [&hellip;]<\/p>\n","protected":false},"author":5,"featured_media":3833,"comment_status":"open","ping_status":"open","sticky":false,"template":"","format":"standard","meta":{"jnews-multi-image_gallery":[],"jnews_single_post":[],"jnews_primary_category":[],"jnews_override_counter":[],"footnotes":""},"categories":[45],"tags":[1804,6130,6127,6129,6128,1600,1962,81],"class_list":["post-3832","post","type-post","status-publish","format-standard","has-post-thumbnail","hentry","category-meteo","tag-incalzire","tag-penurie-pluviala","tag-precipitatii-deficitar","tag-primavara-meteo","tag-regiunile-estice","tag-regiunile-vestice","tag-temperaturi-medii","tag-temperaturi-scazute"],"_links":{"self":[{"href":"https:\/\/www.newsrecorder.ro\/app\/wp-json\/wp\/v2\/posts\/3832","targetHints":{"allow":["GET"]}}],"collection":[{"href":"https:\/\/www.newsrecorder.ro\/app\/wp-json\/wp\/v2\/posts"}],"about":[{"href":"https:\/\/www.newsrecorder.ro\/app\/wp-json\/wp\/v2\/types\/post"}],"author":[{"embeddable":true,"href":"https:\/\/www.newsrecorder.ro\/app\/wp-json\/wp\/v2\/users\/5"}],"replies":[{"embeddable":true,"href":"https:\/\/www.newsrecorder.ro\/app\/wp-json\/wp\/v2\/comments?post=3832"}],"version-history":[{"count":0,"href":"https:\/\/www.newsrecorder.ro\/app\/wp-json\/wp\/v2\/posts\/3832\/revisions"}],"wp:featuredmedia":[{"embeddable":true,"href":"https:\/\/www.newsrecorder.ro\/app\/wp-json\/wp\/v2\/media\/3833"}],"wp:attachment":[{"href":"https:\/\/www.newsrecorder.ro\/app\/wp-json\/wp\/v2\/media?parent=3832"}],"wp:term":[{"taxonomy":"category","embeddable":true,"href":"https:\/\/www.newsrecorder.ro\/app\/wp-json\/wp\/v2\/categories?post=3832"},{"taxonomy":"post_tag","embeddable":true,"href":"https:\/\/www.newsrecorder.ro\/app\/wp-json\/wp\/v2\/tags?post=3832"}],"curies":[{"name":"wp","href":"https:\/\/api.w.org\/{rel}","templated":true}]}}