{"id":3870,"date":"2026-02-18T23:39:00","date_gmt":"2026-02-18T23:39:00","guid":{"rendered":"https:\/\/www.newsrecorder.ro\/app\/2026\/02\/18\/bergodi-suspendat-o-luna-dupa-derby-ul-clujului-cordea-trei-meciuri\/"},"modified":"2026-02-18T23:39:00","modified_gmt":"2026-02-18T23:39:00","slug":"bergodi-suspendat-o-luna-dupa-derby-ul-clujului-cordea-trei-meciuri","status":"publish","type":"post","link":"https:\/\/www.newsrecorder.ro\/app\/2026\/02\/18\/bergodi-suspendat-o-luna-dupa-derby-ul-clujului-cordea-trei-meciuri\/","title":{"rendered":"Bergodi suspendat o lun\u0103 dup\u0103 derby-ul Clujului! Cordea, trei meciuri!"},"content":{"rendered":"<p>Comisia de Disciplin\u0103 a Federa\u021biei Rom\u00e2ne de Fotbal a luat m\u0103suri severe \u00eempotriva antrenorului echipei Universitatea Cluj, Cristiano Bergodi. Acesta a fost sanc\u021bionat cu o suspendare de o lun\u0103 \u0219i o penalitate sportiv\u0103 \u00een valoare de 10.000 de lei, \u00een urma incidentelor nepl\u0103cute petrecute la derby-ul Clujului.<\/p>\n<p>\u00cen acela\u0219i context, juc\u0103torul Andrei Cordea de la <a href=\"https:\/\/www.mediafax.ro\/sport\/cfr-cluj-condamna-incidentele-de-la-finalul-derby-ului-cu-u-cluj-pur-si-simplu-de-neacceptat-23683622\">CFR Cluj<\/a> a primit o suspendare de trei meciuri \u0219i o amend\u0103 de 5.000 de lei, demonstr\u00e2nd astfel c\u0103 evenimentele de pe teren au avut consecin\u021be pentru ambele p\u0103r\u021bi implicate.<\/p>\n<p>Mai mult dec\u00e2t at\u00e2t, clubul CFR Cluj a fost sanc\u021bionat cu o penalitate sportiv\u0103 de 15.000 de lei, iar Universitatea Cluj a fost penalizat\u0103 cu suma de 10.000 de lei. Aceste m\u0103suri reflect\u0103 gravitatea incidentelor \u0219i subliniaz\u0103 angajamentul autorit\u0103\u021bilor de a men\u021bine disciplina \u00een fotbalul rom\u00e2nesc.<\/p>\n<p>Incidentul a avut loc imediat dup\u0103 fluierul final al meciului, \u00een care CFR Cluj a \u00eenvins Universitatea Cluj cu 3-2. Bergodi a p\u0103truns pe teren \u0219i s-a angajat \u00eentr-un conflict cu Andrei Cordea, \u00eencerc\u00e2nd s\u0103-l loveasc\u0103, ceea ce a dus la escaladarea situa\u021biei \u0219i la sanc\u021biunile ulterioare.<\/p>\n","protected":false},"excerpt":{"rendered":"<p>Comisia de Disciplin\u0103 a Federa\u021biei Rom\u00e2ne de Fotbal a luat m\u0103suri severe \u00eempotriva antrenorului echipei Universitatea Cluj, Cristiano Bergodi. Acesta a fost sanc\u021bionat cu o suspendare de o lun\u0103 \u0219i o penalitate sportiv\u0103 \u00een valoare de 10.000 de lei, \u00een urma incidentelor nepl\u0103cute petrecute la derby-ul Clujului. \u00cen acela\u0219i context, juc\u0103torul Andrei Cordea de la [&hellip;]<\/p>\n","protected":false},"author":6,"featured_media":3871,"comment_status":"open","ping_status":"open","sticky":false,"template":"","format":"standard","meta":{"jnews-multi-image_gallery":[],"jnews_single_post":[],"jnews_primary_category":[],"jnews_override_counter":[],"footnotes":""},"categories":[46],"tags":[981,3406,2527,1566,89,57,86,2008],"class_list":["post-3870","post","type-post","status-publish","format-standard","has-post-thumbnail","hentry","category-sport","tag-cfr-cluj","tag-cristiano-bergodi","tag-derby","tag-disciplina","tag-fotbal","tag-meci","tag-sanctiuni","tag-universitatea-cluj"],"_links":{"self":[{"href":"https:\/\/www.newsrecorder.ro\/app\/wp-json\/wp\/v2\/posts\/3870","targetHints":{"allow":["GET"]}}],"collection":[{"href":"https:\/\/www.newsrecorder.ro\/app\/wp-json\/wp\/v2\/posts"}],"about":[{"href":"https:\/\/www.newsrecorder.ro\/app\/wp-json\/wp\/v2\/types\/post"}],"author":[{"embeddable":true,"href":"https:\/\/www.newsrecorder.ro\/app\/wp-json\/wp\/v2\/users\/6"}],"replies":[{"embeddable":true,"href":"https:\/\/www.newsrecorder.ro\/app\/wp-json\/wp\/v2\/comments?post=3870"}],"version-history":[{"count":0,"href":"https:\/\/www.newsrecorder.ro\/app\/wp-json\/wp\/v2\/posts\/3870\/revisions"}],"wp:featuredmedia":[{"embeddable":true,"href":"https:\/\/www.newsrecorder.ro\/app\/wp-json\/wp\/v2\/media\/3871"}],"wp:attachment":[{"href":"https:\/\/www.newsrecorder.ro\/app\/wp-json\/wp\/v2\/media?parent=3870"}],"wp:term":[{"taxonomy":"category","embeddable":true,"href":"https:\/\/www.newsrecorder.ro\/app\/wp-json\/wp\/v2\/categories?post=3870"},{"taxonomy":"post_tag","embeddable":true,"href":"https:\/\/www.newsrecorder.ro\/app\/wp-json\/wp\/v2\/tags?post=3870"}],"curies":[{"name":"wp","href":"https:\/\/api.w.org\/{rel}","templated":true}]}}