{"id":3878,"date":"2026-02-18T23:40:09","date_gmt":"2026-02-18T23:40:09","guid":{"rendered":"https:\/\/www.newsrecorder.ro\/app\/2026\/02\/18\/bernadette-szocs-si-eduard-ionescu-gata-de-actiune-la-singapore-smash\/"},"modified":"2026-02-18T23:40:09","modified_gmt":"2026-02-18T23:40:09","slug":"bernadette-szocs-si-eduard-ionescu-gata-de-actiune-la-singapore-smash","status":"publish","type":"post","link":"https:\/\/www.newsrecorder.ro\/app\/2026\/02\/18\/bernadette-szocs-si-eduard-ionescu-gata-de-actiune-la-singapore-smash\/","title":{"rendered":"Bernadette Szocs \u0219i Eduard Ionescu, gata de ac\u021biune la Singapore Smash!"},"content":{"rendered":"<p>\u00cen cadrul competi\u021biei interna\u021bionale de tenis de mas\u0103 de la Singapore, Bernadette <a href=\"https:\/\/www.mediafax.ro\/sport\/bernadette-szocs-medalie-de-argint-la-top-16-europa-calificare-la-cupa-mondiala-de-tenis-de-masa-23683629\" target=\"_blank\" rel=\"noopener\">Szocs<\/a>, clasat\u0103 pe locul 12 \u00een lume, \u0219i Eduard Ionescu se afl\u0103 pe tabloul principal, av\u00e2nd astfel o oportunitate direct\u0103 de a concura. Cei doi atle\u021bi rom\u00e2ni \u00ee\u0219i vor demonstra abilit\u0103\u021bile \u0219i \u00een competi\u021biile individuale.<\/p>\n<p>Pe l\u00e2ng\u0103 participarea la simplu, Bernadette Szocs va face echip\u0103 cu Elizabeta Samara \u00een proba de dublu feminin, aduc\u00e2nd un plus de for\u021b\u0103 echipei rom\u00e2ne.<\/p>\n<p>De asemenea, Elizabeta Samara va fi \u0219i ea prezent\u0103 pe tabloul principal la simplu, \u00eent\u0103rind astfel reprezentarea Rom\u00e2niei \u00een competi\u021bie.<\/p>\n<p>La dublu feminin \u0219i dublu mixt, reprezentan\u021bii Rom\u00e2niei Adina Diaconu \u0219i Ovidiu Ionescu sunt, de asemenea, califica\u021bi direct pe tabloul principal. Adina Diaconu va colabora cu Maria Xiao din Spania, iar Ovidiu Ionescu va forma o echip\u0103 cu Barbora Varady din Slovacia.<\/p>\n<p>Pe l\u00e2ng\u0103 cei men\u021biona\u021bi, Rom\u00e2nia mai are cinci sportivi care se afl\u0103 \u00een calific\u0103ri, at\u00e2t la simplu feminin, c\u00e2t \u0219i masculin. Ace\u0219tia vor concura joi \u0219i vineri \u00een speran\u021ba de a accede pe tabloul principal.<\/p>\n<p>Programul meciurilor din calific\u0103ri este urm\u0103torul:<\/p>\n<p><strong>Simplu feminin:<\/strong><\/p>\n<ul>\n<li>Andreea Dragoman \u2013 Hana Arapovic (Croa\u021bia), joi, ora 05:35<\/li>\n<li>Adina Diaconu \u2013 Lee Eudora (Singapore), joi, ora 07:55<\/li>\n<li>Elena Zaharia \u2013 Natalia Bajor (Polonia), joi, ora 13:30<\/li>\n<\/ul>\n<p><strong>Simplu masculin:<\/strong><\/p>\n<ul>\n<li>Iulian Chiri\u021ba \u2013 Gustavo Gomez (Chile), vineri, ora 07:55<\/li>\n<li>Ovidiu Ionescu \u2013 Kirill Gerassimenko (Kazahstan), joi, ora 12:55<\/li>\n<\/ul>\n","protected":false},"excerpt":{"rendered":"<p>\u00cen cadrul competi\u021biei interna\u021bionale de tenis de mas\u0103 de la Singapore, Bernadette Szocs, clasat\u0103 pe locul 12 \u00een lume, \u0219i Eduard Ionescu se afl\u0103 pe tabloul principal, av\u00e2nd astfel o oportunitate direct\u0103 de a concura. Cei doi atle\u021bi rom\u00e2ni \u00ee\u0219i vor demonstra abilit\u0103\u021bile \u0219i \u00een competi\u021biile individuale. Pe l\u00e2ng\u0103 participarea la simplu, Bernadette Szocs va [&hellip;]<\/p>\n","protected":false},"author":6,"featured_media":3879,"comment_status":"open","ping_status":"open","sticky":false,"template":"","format":"standard","meta":{"jnews-multi-image_gallery":[],"jnews_single_post":[],"jnews_primary_category":[],"jnews_override_counter":[],"footnotes":""},"categories":[46],"tags":[3404,6164,6165,1445,1513,2748,6166,1446],"class_list":["post-3878","post","type-post","status-publish","format-standard","has-post-thumbnail","hentry","category-sport","tag-bernadette-szocs","tag-competitie-internationala","tag-dublu-feminin","tag-elizabeta-samara","tag-singapore","tag-sportivi-romani","tag-tabloul-principal","tag-tenis-de-masa"],"_links":{"self":[{"href":"https:\/\/www.newsrecorder.ro\/app\/wp-json\/wp\/v2\/posts\/3878","targetHints":{"allow":["GET"]}}],"collection":[{"href":"https:\/\/www.newsrecorder.ro\/app\/wp-json\/wp\/v2\/posts"}],"about":[{"href":"https:\/\/www.newsrecorder.ro\/app\/wp-json\/wp\/v2\/types\/post"}],"author":[{"embeddable":true,"href":"https:\/\/www.newsrecorder.ro\/app\/wp-json\/wp\/v2\/users\/6"}],"replies":[{"embeddable":true,"href":"https:\/\/www.newsrecorder.ro\/app\/wp-json\/wp\/v2\/comments?post=3878"}],"version-history":[{"count":0,"href":"https:\/\/www.newsrecorder.ro\/app\/wp-json\/wp\/v2\/posts\/3878\/revisions"}],"wp:featuredmedia":[{"embeddable":true,"href":"https:\/\/www.newsrecorder.ro\/app\/wp-json\/wp\/v2\/media\/3879"}],"wp:attachment":[{"href":"https:\/\/www.newsrecorder.ro\/app\/wp-json\/wp\/v2\/media?parent=3878"}],"wp:term":[{"taxonomy":"category","embeddable":true,"href":"https:\/\/www.newsrecorder.ro\/app\/wp-json\/wp\/v2\/categories?post=3878"},{"taxonomy":"post_tag","embeddable":true,"href":"https:\/\/www.newsrecorder.ro\/app\/wp-json\/wp\/v2\/tags?post=3878"}],"curies":[{"name":"wp","href":"https:\/\/api.w.org\/{rel}","templated":true}]}}