{"id":3886,"date":"2026-02-19T01:41:32","date_gmt":"2026-02-19T01:41:32","guid":{"rendered":"https:\/\/www.newsrecorder.ro\/app\/2026\/02\/19\/grindeanu-sustine-nicusor-dan-avea-dreptate-tva-ul-nu-era-necesar\/"},"modified":"2026-02-19T01:41:32","modified_gmt":"2026-02-19T01:41:32","slug":"grindeanu-sustine-nicusor-dan-avea-dreptate-tva-ul-nu-era-necesar","status":"publish","type":"post","link":"https:\/\/www.newsrecorder.ro\/app\/2026\/02\/19\/grindeanu-sustine-nicusor-dan-avea-dreptate-tva-ul-nu-era-necesar\/","title":{"rendered":"Grindeanu sus\u021bine: \u201eNicu\u0219or Dan avea dreptate, TVA-ul nu era necesar!\u201d"},"content":{"rendered":"<p>Discu\u021biile recente au fost centrate pe strategia economic\u0103 \u0219i m\u0103surile fiscale adoptate de guvern, iar <a href=\"https:\/\/www.mediafax.ro\/stirile-zilei\/grindeanu-despre-discutiile-cu-nicusor-dan-presedintele-vrea-sa-crestem-ajutorul-pentru-gaza-legea-femicidului-printre-prioritati-23689332\">Grindeanu<\/a> a subliniat importan\u021ba unei tranzi\u021bii rapide de la disciplina financiar\u0103 la un program de relansare economic\u0103.<\/p>\n<p>\u201ePrivind cifrele, tind s\u0103-i dau dreptate pre\u0219edintelui Nicu\u0219or Dan, \u00een sensul c\u0103 majorarea TVA nu a fost realmente necesar\u0103\u201d, a declarat Grindeanu.<\/p>\n<p>Relansarea economic\u0103 ar fi trebuit s\u0103 aib\u0103 loc mai devreme?<\/p>\n<p>Grindeanu a explicat c\u0103 m\u0103surile de reducere a cheltuielilor \u0219i reformele administrative implementate anterior au fost corecte, dar guvernul ar fi trebuit s\u0103 ini\u021bieze stimularea economiei \u00eenc\u0103 din luna septembrie.<\/p>\n<p>\u201eCealalt\u0103 op\u021biune ar fi fost s\u0103 men\u021binem disciplina financiar\u0103, pe care am l\u0103udat-o la Ministerul Finan\u021belor. Din septembrie, era esen\u021bial s\u0103 demar\u0103m relansarea economic\u0103\u201d, a afirmat el.<\/p>\n<p>Conform liderului social-democrat, PSD a sus\u021binut restructur\u0103rile din institu\u021bii \u0219i limitarea indemniza\u021biilor \u00een consiliile de administra\u021bie, inclusiv la ANRE \u0219i ANCOM. Totu\u0219i, direc\u021bia economic\u0103 a devenit gre\u0219it\u0103 ulterior.<\/p>\n<p>\u201eDin acel moment, \u00eencep\u00e2nd cu septembrie, s-a intrat \u00eentr-o zon\u0103 care, din punctul meu de vedere, nu era necesar\u0103\u201d, a ad\u0103ugat Grindeanu.<\/p>\n<p>\u00cen ceea ce prive\u0219te pachetul economic, liderul PSD a men\u021bionat c\u0103 acesta este asumat de partid, cu excep\u021bii pentru sectoare precum s\u0103n\u0103tatea, educa\u021bia \u0219i sistemul de ap\u0103rare \u0219i ordine public\u0103.<\/p>\n<p>Grindeanu a subliniat c\u0103 impactul relans\u0103rii va depinde de modul \u00een care Ministerul Finan\u021belor va implementa schemele de ajutor pentru companii, fie prin credite fiscale, fie prin granturi. El estimeaz\u0103 c\u0103 efectul asupra economiei ar putea genera un plus de aproximativ un punct procentual de cre\u0219tere, \u00een func\u021bie de eficien\u021ba implement\u0103rii.<\/p>\n","protected":false},"excerpt":{"rendered":"<p>Discu\u021biile recente au fost centrate pe strategia economic\u0103 \u0219i m\u0103surile fiscale adoptate de guvern, iar Grindeanu a subliniat importan\u021ba unei tranzi\u021bii rapide de la disciplina financiar\u0103 la un program de relansare economic\u0103. \u201ePrivind cifrele, tind s\u0103-i dau dreptate pre\u0219edintelui Nicu\u0219or Dan, \u00een sensul c\u0103 majorarea TVA nu a fost realmente necesar\u0103\u201d, a declarat Grindeanu. Relansarea [&hellip;]<\/p>\n","protected":false},"author":2,"featured_media":3887,"comment_status":"open","ping_status":"open","sticky":false,"template":"","format":"standard","meta":{"jnews-multi-image_gallery":[],"jnews_single_post":[],"jnews_primary_category":[],"jnews_override_counter":[],"footnotes":""},"categories":[42],"tags":[167,6174,4663,300,5340,1684,6173,1749],"class_list":["post-3886","post","type-post","status-publish","format-standard","has-post-thumbnail","hentry","category-politica","tag-cheltuieli","tag-discipline-financiara","tag-masuri-fiscale","tag-psd","tag-reforme-administrative","tag-relansare-economica","tag-strategia-economica","tag-tva"],"_links":{"self":[{"href":"https:\/\/www.newsrecorder.ro\/app\/wp-json\/wp\/v2\/posts\/3886","targetHints":{"allow":["GET"]}}],"collection":[{"href":"https:\/\/www.newsrecorder.ro\/app\/wp-json\/wp\/v2\/posts"}],"about":[{"href":"https:\/\/www.newsrecorder.ro\/app\/wp-json\/wp\/v2\/types\/post"}],"author":[{"embeddable":true,"href":"https:\/\/www.newsrecorder.ro\/app\/wp-json\/wp\/v2\/users\/2"}],"replies":[{"embeddable":true,"href":"https:\/\/www.newsrecorder.ro\/app\/wp-json\/wp\/v2\/comments?post=3886"}],"version-history":[{"count":0,"href":"https:\/\/www.newsrecorder.ro\/app\/wp-json\/wp\/v2\/posts\/3886\/revisions"}],"wp:featuredmedia":[{"embeddable":true,"href":"https:\/\/www.newsrecorder.ro\/app\/wp-json\/wp\/v2\/media\/3887"}],"wp:attachment":[{"href":"https:\/\/www.newsrecorder.ro\/app\/wp-json\/wp\/v2\/media?parent=3886"}],"wp:term":[{"taxonomy":"category","embeddable":true,"href":"https:\/\/www.newsrecorder.ro\/app\/wp-json\/wp\/v2\/categories?post=3886"},{"taxonomy":"post_tag","embeddable":true,"href":"https:\/\/www.newsrecorder.ro\/app\/wp-json\/wp\/v2\/tags?post=3886"}],"curies":[{"name":"wp","href":"https:\/\/api.w.org\/{rel}","templated":true}]}}