{"id":3890,"date":"2026-02-19T01:42:09","date_gmt":"2026-02-19T01:42:09","guid":{"rendered":"https:\/\/www.newsrecorder.ro\/app\/2026\/02\/19\/grindeanu-acuza-primarii-de-coruptie-isi-angajeaza-amantele\/"},"modified":"2026-02-19T01:42:09","modified_gmt":"2026-02-19T01:42:09","slug":"grindeanu-acuza-primarii-de-coruptie-isi-angajeaza-amantele","status":"publish","type":"post","link":"https:\/\/www.newsrecorder.ro\/app\/2026\/02\/19\/grindeanu-acuza-primarii-de-coruptie-isi-angajeaza-amantele\/","title":{"rendered":"Grindeanu acuz\u0103 primarii de corup\u021bie: \u201e\u00ce\u0219i angajeaz\u0103 amantele!\u201d"},"content":{"rendered":"<p>Programul Anghel Saligny, o ini\u021biativ\u0103 a guvernului rom\u00e2n dedicat\u0103 moderniz\u0103rii infrastructurii locale prin finan\u021barea proiectelor esen\u021biale, precum ap\u0103, canalizare, drumuri \u0219i re\u021bele de gaze naturale, a generat un intens schimb de opinii \u00eentre Sorin Grindeanu \u0219i Cosmin Prelipceanu \u00een cadrul emisiunii de la Digi 24.<\/p>\n<p>Vicepremierul Sorin Grindeanu a subliniat faptul c\u0103 administrarea acestui program a fost marcat\u0103 de lipsa de transparen\u021b\u0103 din partea consiliilor locale. El a adus \u00een discu\u021bie presiunea exercitat\u0103 asupra guvernului \u00een timpul verii, c\u00e2nd s-a propus \u00eenchiderea programului Anghel Saligny \u0219i continuarea finan\u021b\u0103rilor doar pentru proiectele deja demarate.<\/p>\n<p><strong>\u201eToat\u0103 vara am v\u0103zut c\u00e2t de ho\u021bi sunt primarii\u201d<\/strong>, a afirmat Grindeanu, men\u021bion\u00e2nd c\u0103 discu\u021biile din var\u0103 au fost foarte tensionate. \u201eV\u0103 aminti\u021bi c\u0103 \u00een acea perioad\u0103 se vorbea despre \u00eenchiderea programului Anghel Saligny, ceea ce ar fi dus la stoparea aloc\u0103rii de fonduri pentru administra\u021biile locale. Lucr\u0103rile deja \u00eencepute erau pl\u0103tite, dar nu se mai efectuaser\u0103 pl\u0103\u021bi din luna mai. Abia \u00een septembrie, la finalul lunii, s-au reluat pl\u0103\u021bile pentru facturi\u201d, a explicat el.<\/p>\n<p>Grindeanu a continuat s\u0103 sublinieze c\u0103 s-au f\u0103cut amenin\u021b\u0103ri \u00een cadrul PSD cu privire la deciziile viitoare, \u00een cazul \u00een care programul nu ar fi fost reluat. \u201eV\u0103 rog s\u0103 verifica\u021bi \u00een pres\u0103!\u201d, a ad\u0103ugat el.<\/p>\n<p>\u00cen ciuda criticilor aduse primarilor, vicepremierul a fost prudent \u0219i nu a generalizat. \u201eNu pot s\u0103 spun c\u0103 to\u021bi primarii sunt corup\u021bi. Aceast\u0103 \u021bar\u0103 are un mediu rural care necesit\u0103 urgent \u0219osele, re\u021bele de gaze, ap\u0103 \u0219i canalizare. Aceste lucr\u0103ri sunt absolut necesare\u201d, a declarat Grindeanu.<\/p>\n<p>El a subliniat c\u0103, din luna mai p\u00e2n\u0103 la \u00eenceputul lunii octombrie, nu s-au efectuat pl\u0103\u021bi. \u201eA fost o perioad\u0103 de blocare a sistemului de pl\u0103\u021bi, iar toate facturile au fost \u00eenregistrate la Ministerul Dezvolt\u0103rii. De atunci, p\u00e2n\u0103 la sf\u00e2r\u0219itul anului, nu a mai fost primit\u0103 nicio factur\u0103, iar pl\u0103\u021bile pentru ultimele luni au fost reluate abia mai t\u00e2rziu\u201d, a \u00eencheiat vicepremierul. <\/p>\n","protected":false},"excerpt":{"rendered":"<p>Programul Anghel Saligny, o ini\u021biativ\u0103 a guvernului rom\u00e2n dedicat\u0103 moderniz\u0103rii infrastructurii locale prin finan\u021barea proiectelor esen\u021biale, precum ap\u0103, canalizare, drumuri \u0219i re\u021bele de gaze naturale, a generat un intens schimb de opinii \u00eentre Sorin Grindeanu \u0219i Cosmin Prelipceanu \u00een cadrul emisiunii de la Digi 24. Vicepremierul Sorin Grindeanu a subliniat faptul c\u0103 administrarea acestui program [&hellip;]<\/p>\n","protected":false},"author":2,"featured_media":3891,"comment_status":"open","ping_status":"open","sticky":false,"template":"","format":"standard","meta":{"jnews-multi-image_gallery":[],"jnews_single_post":[],"jnews_primary_category":[],"jnews_override_counter":[],"footnotes":""},"categories":[42],"tags":[6181,6182,5506,6180,528,6179,6178,1842],"class_list":["post-3890","post","type-post","status-publish","format-standard","has-post-thumbnail","hentry","category-politica","tag-apa","tag-canalizare","tag-drumuri","tag-finantare-proiecte","tag-gaze-naturale","tag-infrastructura-locala","tag-programul-anghel-saligny","tag-transparenta"],"_links":{"self":[{"href":"https:\/\/www.newsrecorder.ro\/app\/wp-json\/wp\/v2\/posts\/3890","targetHints":{"allow":["GET"]}}],"collection":[{"href":"https:\/\/www.newsrecorder.ro\/app\/wp-json\/wp\/v2\/posts"}],"about":[{"href":"https:\/\/www.newsrecorder.ro\/app\/wp-json\/wp\/v2\/types\/post"}],"author":[{"embeddable":true,"href":"https:\/\/www.newsrecorder.ro\/app\/wp-json\/wp\/v2\/users\/2"}],"replies":[{"embeddable":true,"href":"https:\/\/www.newsrecorder.ro\/app\/wp-json\/wp\/v2\/comments?post=3890"}],"version-history":[{"count":0,"href":"https:\/\/www.newsrecorder.ro\/app\/wp-json\/wp\/v2\/posts\/3890\/revisions"}],"wp:featuredmedia":[{"embeddable":true,"href":"https:\/\/www.newsrecorder.ro\/app\/wp-json\/wp\/v2\/media\/3891"}],"wp:attachment":[{"href":"https:\/\/www.newsrecorder.ro\/app\/wp-json\/wp\/v2\/media?parent=3890"}],"wp:term":[{"taxonomy":"category","embeddable":true,"href":"https:\/\/www.newsrecorder.ro\/app\/wp-json\/wp\/v2\/categories?post=3890"},{"taxonomy":"post_tag","embeddable":true,"href":"https:\/\/www.newsrecorder.ro\/app\/wp-json\/wp\/v2\/tags?post=3890"}],"curies":[{"name":"wp","href":"https:\/\/api.w.org\/{rel}","templated":true}]}}