{"id":3896,"date":"2026-02-19T01:43:12","date_gmt":"2026-02-19T01:43:12","guid":{"rendered":"https:\/\/www.newsrecorder.ro\/app\/2026\/02\/19\/sorin-grindeanu-guvernez-pentru-toti-nu-doar-pentru-miliardari\/"},"modified":"2026-02-19T01:43:12","modified_gmt":"2026-02-19T01:43:12","slug":"sorin-grindeanu-guvernez-pentru-toti-nu-doar-pentru-miliardari","status":"publish","type":"post","link":"https:\/\/www.newsrecorder.ro\/app\/2026\/02\/19\/sorin-grindeanu-guvernez-pentru-toti-nu-doar-pentru-miliardari\/","title":{"rendered":"Sorin Grindeanu: \u201eGuvernez pentru to\u021bi, nu doar pentru miliardari!\u201d"},"content":{"rendered":"<p>Vicepremierul Sorin Grindeanu a abordat recent, \u00een cadrul unei emisiuni la Digi24, problema infla\u021biei \u0219i impactul acesteia asupra puterii de cump\u0103rare a rom\u00e2nilor. \u201eC\u00e2nd a venit acest guvern, infla\u021bia era de 5%, iar acum este de 10%\u201d, a afirmat el, eviden\u021biind astfel dificult\u0103\u021bile cu care se confrunt\u0103 cet\u0103\u021benii, \u00een special cei cu venituri mici.<\/p>\n<p>Grindeanu a recunoscut c\u0103 infla\u021bia afecteaz\u0103 semnificativ via\u021ba popula\u021biei \u0219i a subliniat c\u0103 pachetul de solidaritate aflat \u00een discu\u021bie este destinat exact categoriilor sociale cele mai vulnerabile, precum persoanele cu dizabilit\u0103\u021bi, pensionarii cu pensii mici \u0219i alte grupuri defavorizate.<\/p>\n<p>\u201eAnul trecut, puterea de cump\u0103rare a rom\u00e2nilor a sc\u0103zut cu 10% din perspectiva acestei infla\u021bii, iar acest lucru se resimte cel mai acut \u00een r\u00e2ndul celor cu venituri mici\u201d, a continuat Grindeanu, eviden\u021biind astfel inegalit\u0103\u021bile \u00een cre\u0219tere din societate.<\/p>\n<p>\u00cen sprijinul categoriilor vulnerabile, vicepremierul a anun\u021bat c\u0103 Partidul Social Democrat (PSD) sus\u021bine implementarea unui pachet social care ar putea atinge o valoare de aproximativ 4 miliarde de lei. \u201eAceasta este o sum\u0103 \u021bintit\u0103 pe care guvernul va trebui s\u0103 o aloce persoanelor vulnerabile\u201d, a declarat el, men\u021bion\u00e2nd c\u0103 sprijinul s-ar putea extinde la pensionari, veterani de r\u0103zboi, fo\u0219ti de\u021binu\u021bi politici, persoane cu dizabilit\u0103\u021bi \u0219i mame cu venituri reduse.<\/p>\n<p>Printre m\u0103surile analizate se num\u0103r\u0103 pl\u0103\u021bi punctuale, similar cu modelul aplicat \u00een 2025, precum \u0219i ajust\u0103ri pentru sprijinul persoanelor cu dizabilit\u0103\u021bi.<\/p>\n<p>Un alt subiect discutat a fost posibilitatea introducerii de vouchere pentru energie, odat\u0103 cu liberalizarea pie\u021bei, prev\u0103zut\u0103 pentru luna aprilie. \u201eEste o discu\u021bie, nu a fost luat\u0103 o decizie. Ar trebui s\u0103 avem grij\u0103 de cei cu venituri mici\u201d, a subliniat Grindeanu. Costurile pentru o astfel de schem\u0103 de sprijin ar putea fi \u00eentre 500 \u0219i 600 de milioane de lei, ceea ce ar duce totalul efortului guvernamental la aproximativ 4,2 miliarde de lei. \u201eAv\u00e2nd un PIB de peste 2.000 de miliarde, acest efort nu reprezint\u0103 o problem\u0103\u201d, a ad\u0103ugat el.<\/p>\n<p>Grindeanu a subliniat necesitatea m\u0103surilor sociale pentru a reduce inegalit\u0103\u021bile din societate. \u201eGuvernez nu doar pentru miliardari. Guvernez \u0219i pentru rom\u00e2nii care nu au venituri mari\u201d, a declarat el, recunosc\u00e2nd c\u0103 inegalit\u0103\u021bile s-au accentuat: \u201eAnul trecut, cei care au c\u00e2\u0219tigat bine au c\u00e2\u0219tigat \u0219i mai bine, \u00een timp ce cei cu salarii mici au avut condi\u021bii \u0219i mai dificile.\u201d<\/p>\n<p>Referitor la dezbaterile privind echilibrul bugetar, Grindeanu a respins ideea c\u0103 sprijinul social ar putea afecta investi\u021biile. \u201eNu este adev\u0103rat\u2026 aceasta este o poveste pe care \u00eencearc\u0103 s\u0103 o v\u00e2nd\u0103 unii\u201d, a concluzionat el, reafirm\u00e2nd angajamentul guvernului de a continua sprijinul pentru categoriile defavorizate.<\/p>\n","protected":false},"excerpt":{"rendered":"<p>Vicepremierul Sorin Grindeanu a abordat recent, \u00een cadrul unei emisiuni la Digi24, problema infla\u021biei \u0219i impactul acesteia asupra puterii de cump\u0103rare a rom\u00e2nilor. \u201eC\u00e2nd a venit acest guvern, infla\u021bia era de 5%, iar acum este de 10%\u201d, a afirmat el, eviden\u021biind astfel dificult\u0103\u021bile cu care se confrunt\u0103 cet\u0103\u021benii, \u00een special cei cu venituri mici. Grindeanu [&hellip;]<\/p>\n","protected":false},"author":2,"featured_media":3897,"comment_status":"open","ping_status":"open","sticky":false,"template":"","format":"standard","meta":{"jnews-multi-image_gallery":[],"jnews_single_post":[],"jnews_primary_category":[],"jnews_override_counter":[],"footnotes":""},"categories":[42],"tags":[6189,6190,1642,778,4902,1482,637,4956],"class_list":["post-3896","post","type-post","status-publish","format-standard","has-post-thumbnail","hentry","category-politica","tag-categoriile-vulnerabile","tag-digi24","tag-inegalitati-sociale","tag-inflatie","tag-putere-de-cumparare","tag-solidaritate","tag-sorin-grindeanu","tag-venituri-mici"],"_links":{"self":[{"href":"https:\/\/www.newsrecorder.ro\/app\/wp-json\/wp\/v2\/posts\/3896","targetHints":{"allow":["GET"]}}],"collection":[{"href":"https:\/\/www.newsrecorder.ro\/app\/wp-json\/wp\/v2\/posts"}],"about":[{"href":"https:\/\/www.newsrecorder.ro\/app\/wp-json\/wp\/v2\/types\/post"}],"author":[{"embeddable":true,"href":"https:\/\/www.newsrecorder.ro\/app\/wp-json\/wp\/v2\/users\/2"}],"replies":[{"embeddable":true,"href":"https:\/\/www.newsrecorder.ro\/app\/wp-json\/wp\/v2\/comments?post=3896"}],"version-history":[{"count":0,"href":"https:\/\/www.newsrecorder.ro\/app\/wp-json\/wp\/v2\/posts\/3896\/revisions"}],"wp:featuredmedia":[{"embeddable":true,"href":"https:\/\/www.newsrecorder.ro\/app\/wp-json\/wp\/v2\/media\/3897"}],"wp:attachment":[{"href":"https:\/\/www.newsrecorder.ro\/app\/wp-json\/wp\/v2\/media?parent=3896"}],"wp:term":[{"taxonomy":"category","embeddable":true,"href":"https:\/\/www.newsrecorder.ro\/app\/wp-json\/wp\/v2\/categories?post=3896"},{"taxonomy":"post_tag","embeddable":true,"href":"https:\/\/www.newsrecorder.ro\/app\/wp-json\/wp\/v2\/tags?post=3896"}],"curies":[{"name":"wp","href":"https:\/\/api.w.org\/{rel}","templated":true}]}}