{"id":3900,"date":"2026-02-19T01:43:46","date_gmt":"2026-02-19T01:43:46","guid":{"rendered":"https:\/\/www.newsrecorder.ro\/app\/2026\/02\/19\/pensiile-magistratilor-ministrul-finantelor-dezvaluie-piesa-lipsa\/"},"modified":"2026-02-19T01:43:46","modified_gmt":"2026-02-19T01:43:46","slug":"pensiile-magistratilor-ministrul-finantelor-dezvaluie-piesa-lipsa","status":"publish","type":"post","link":"https:\/\/www.newsrecorder.ro\/app\/2026\/02\/19\/pensiile-magistratilor-ministrul-finantelor-dezvaluie-piesa-lipsa\/","title":{"rendered":"\u201ePensiile magistra\u021bilor: Ministrul Finan\u021belor dezv\u0103luie piesa lips\u0103!\u201d"},"content":{"rendered":"<p>Reforma pensiilor a fost declarat\u0103 constitu\u021bional\u0103, reprezent\u00e2nd un pas esen\u021bial pentru asigurarea corectitudinii \u0219i stabilit\u0103\u021bii bugetare. Alexandru Nazare, ministrul Finan\u021belor, a subliniat \u00eentr-o postare pe Facebook c\u0103 decizia recent\u0103 legat\u0103 de reforma pensiilor speciale nu este doar o chestiune juridic\u0103, ci \u0219i un semnal de corectitudine a\u0219teptat de societate. Aceasta este cheia care completeaz\u0103 un puzzle al normalit\u0103\u021bii. Prin reechilibrarea criteriilor de echitate \u0219i implementarea de m\u0103suri pentru s\u0103n\u0103tatea economic\u0103, Rom\u00e2nia \u00ee\u0219i reaseaz\u0103 economia pe baze sustenabile, av\u00e2nd un impact direct asupra deficitului bugetar \u0219i a capacit\u0103\u021bii statului de a investi constant.<\/p>\n<p>\u00cen primii \u0219apte luni de mandat, Nazare a urm\u0103rit cu prioritate restabilirea unei rela\u021bii corecte cu Comisia European\u0103. Obiectivul s\u0103u a fost ca Rom\u00e2nia s\u0103 poat\u0103 negocia cu credibilitate forma actual\u0103 a Planului Na\u021bional de Redresare \u0219i Rezilien\u021b\u0103 (PNRR) \u0219i s\u0103 evite punerea \u00een pericol a fondurilor europene esen\u021biale pentru relansare.<\/p>\n<p>\u201ePrin discu\u021bii \u0219i negocieri intense, am reu\u0219it s\u0103 salv\u0103m finan\u021barea unor proiecte esen\u021biale, cum ar fi Autostrada Moldovei, \u0219i s\u0103 ob\u021binem a doua cea mai mare alocare din Programul SAFE, ceea ce \u00eenseamn\u0103 c\u0103 Rom\u00e2nia va dispune de peste 16 miliarde de euro pentru modernizarea infrastructurii \u0219i a industriei de ap\u0103rare. Totodat\u0103, am stabilit o traiectorie care ne permite s\u0103 ie\u0219im din procedura de deficit excesiv f\u0103r\u0103 a genera \u0219ocuri structurale. Toat\u0103 aceast\u0103 credibilitate ar fi fost pus\u0103 sub semnul \u00eentreb\u0103rii f\u0103r\u0103 decizia de ast\u0103zi a Cur\u021bii Constitu\u021bionale\u201d, a explicat ministrul.<\/p>\n<p>\u00cen urma hot\u0103r\u00e2rii Cur\u021bii Constitu\u021bionale, Nazare a eviden\u021biat dou\u0103 efecte esen\u021biale pe termen mediu \u0219i lung:<\/p>\n<p>Primul efect este reducerea poverii bugetului. Aceasta se va realiza prin diminuarea cheltuielilor statului cu pensiile speciale, ceea ce va crea un spa\u021biu fiscal-bugetar necesar pentru direc\u021bionarea resurselor c\u0103tre investi\u021bii, infrastructur\u0103, educa\u021bie \u0219i s\u0103n\u0103tate. Aceste domenii sunt esen\u021biale, av\u00e2nd poten\u021bialul de a \u00eembun\u0103t\u0103\u021bi serviciile publice, de a genera locuri de munc\u0103 \u0219i de a stimula cre\u0219terea economic\u0103.<\/p>\n<p>Al doilea efect se refer\u0103 la consolidarea credibilit\u0103\u021bii externe. \u201eEste un alt semnal pe care Rom\u00e2nia \u00eel transmite partenerilor interna\u021bionali: c\u0103 avem capacitatea s\u0103 ne implement\u0103m reformele, chiar dac\u0103, \u00een cazul acestei reforme, o facem cu \u00eent\u00e2rziere. Aceast\u0103 \u00eent\u00e2rziere ar putea costa Rom\u00e2nia 231 de milioane de euro din PNRR, din cauza ne\u00eendeplinirii calendarului convenit cu Comisia European\u0103; totu\u0219i, corectarea situa\u021biei cre\u0219te \u0219ansele debloc\u0103rii fondurilor europene \u0219i men\u021binerii unui cost mai redus al finan\u021b\u0103rii statului\u201d, a ad\u0103ugat Nazare.<\/p>\n<p>Ministrul a \u00eencheiat subliniind importan\u021ba schimb\u0103rilor structurale reale \u0219i a predictibilit\u0103\u021bii pentru protejarea viitorului economic al \u021b\u0103rii. Controlul cheltuielilor curente, atragerea fondurilor europene \u0219i consolidarea \u00eencrederii investitorilor \u0219i partenerilor europeni r\u0103m\u00e2n priorit\u0103\u021bi cheie pentru acest an, av\u00e2nd efecte directe asupra stabilit\u0103\u021bii economice \u0219i a nivelului de trai.<\/p>\n","protected":false},"excerpt":{"rendered":"<p>Reforma pensiilor a fost declarat\u0103 constitu\u021bional\u0103, reprezent\u00e2nd un pas esen\u021bial pentru asigurarea corectitudinii \u0219i stabilit\u0103\u021bii bugetare. Alexandru Nazare, ministrul Finan\u021belor, a subliniat \u00eentr-o postare pe Facebook c\u0103 decizia recent\u0103 legat\u0103 de reforma pensiilor speciale nu este doar o chestiune juridic\u0103, ci \u0219i un semnal de corectitudine a\u0219teptat de societate. Aceasta este cheia care completeaz\u0103 un [&hellip;]<\/p>\n","protected":false},"author":2,"featured_media":3901,"comment_status":"open","ping_status":"open","sticky":false,"template":"","format":"standard","meta":{"jnews-multi-image_gallery":[],"jnews_single_post":[],"jnews_primary_category":[],"jnews_override_counter":[],"footnotes":""},"categories":[42],"tags":[499,6193,298,6018,944,4206,6195,6194],"class_list":["post-3900","post","type-post","status-publish","format-standard","has-post-thumbnail","hentry","category-politica","tag-comisia-europeana","tag-constitutionalitate","tag-deficit-bugetar","tag-echitate","tag-pnrr","tag-reforma-pensiilor","tag-sanatate-economica","tag-stabilitate-bugetara"],"_links":{"self":[{"href":"https:\/\/www.newsrecorder.ro\/app\/wp-json\/wp\/v2\/posts\/3900","targetHints":{"allow":["GET"]}}],"collection":[{"href":"https:\/\/www.newsrecorder.ro\/app\/wp-json\/wp\/v2\/posts"}],"about":[{"href":"https:\/\/www.newsrecorder.ro\/app\/wp-json\/wp\/v2\/types\/post"}],"author":[{"embeddable":true,"href":"https:\/\/www.newsrecorder.ro\/app\/wp-json\/wp\/v2\/users\/2"}],"replies":[{"embeddable":true,"href":"https:\/\/www.newsrecorder.ro\/app\/wp-json\/wp\/v2\/comments?post=3900"}],"version-history":[{"count":0,"href":"https:\/\/www.newsrecorder.ro\/app\/wp-json\/wp\/v2\/posts\/3900\/revisions"}],"wp:featuredmedia":[{"embeddable":true,"href":"https:\/\/www.newsrecorder.ro\/app\/wp-json\/wp\/v2\/media\/3901"}],"wp:attachment":[{"href":"https:\/\/www.newsrecorder.ro\/app\/wp-json\/wp\/v2\/media?parent=3900"}],"wp:term":[{"taxonomy":"category","embeddable":true,"href":"https:\/\/www.newsrecorder.ro\/app\/wp-json\/wp\/v2\/categories?post=3900"},{"taxonomy":"post_tag","embeddable":true,"href":"https:\/\/www.newsrecorder.ro\/app\/wp-json\/wp\/v2\/tags?post=3900"}],"curies":[{"name":"wp","href":"https:\/\/api.w.org\/{rel}","templated":true}]}}