{"id":3910,"date":"2026-02-19T01:45:22","date_gmt":"2026-02-19T01:45:22","guid":{"rendered":"https:\/\/www.newsrecorder.ro\/app\/2026\/02\/19\/statele-unite-atac-militar-impotriva-iranului-iminent-in-weekend\/"},"modified":"2026-02-19T01:45:22","modified_gmt":"2026-02-19T01:45:22","slug":"statele-unite-atac-militar-impotriva-iranului-iminent-in-weekend","status":"publish","type":"post","link":"https:\/\/www.newsrecorder.ro\/app\/2026\/02\/19\/statele-unite-atac-militar-impotriva-iranului-iminent-in-weekend\/","title":{"rendered":"Statele Unite: atac militar \u00eempotriva Iranului iminent \u00een weekend!"},"content":{"rendered":"<p>Armata american\u0103 se afl\u0103 \u00eentr-o stare de alert\u0103 crescut\u0103 \u0219i ar putea fi preg\u0103tit\u0103 pentru un atac \u00een cursul acestei s\u0103pt\u0103m\u00e2ni, ca urmare a intensific\u0103rii prezen\u021bei sale militare \u00een Orientul Mijlociu, \u00een contextul tensiunilor crescute cu Iranul. Surse citate de <a style=\"color: #0000ff\" href=\"https:\/\/edition.cnn.com\/2026\/02\/18\/politics\/military-strike-trump-us-iran\">CNN<\/a> au subliniat c\u0103 pre\u0219edintele Donald Trump nu a luat \u00eenc\u0103 o decizie final\u0103, ci analizeaz\u0103 at\u00e2t argumentele pro, c\u00e2t \u0219i cele contra, consult\u00e2ndu-se cu colaboratorii s\u0103i pentru a determina cea mai bun\u0103 cale de ac\u021biune.<\/p>\n<p>Potrivit acestor surse, \u201eDonald Trump petrece foarte mult timp g\u00e2ndindu-se la aceast\u0103 decizie\u201d, ceea ce sugereaz\u0103 o deliberare atent\u0103 \u00eenainte de a ac\u021biona.<\/p>\n<p>\u00cen cadrul consolid\u0103rii prezen\u021bei militare \u00een zon\u0103, portavionul USS Gerald Ford, considerat cel mai avansat portavion american, ar putea ajunge \u00een regiune chiar \u00een acest weekend, sporind astfel capacitatea de reac\u021bie a Statelor Unite.<\/p>\n<p>Tensiunile actuale se amplific\u0103 pe fondul discu\u021biilor de la Geneva, unde ministrul iranian de Externe, Abbas Araqchi, a declarat c\u0103 cele dou\u0103 p\u0103r\u021bi au ajuns la o <a style=\"color: #0000ff\" href=\"https:\/\/www.mediafax.ro\/externe\/negocieri-nucleare-iran-sua-s-ar-fi-ajuns-la-ucord-de-principiu-la-geneva-dar-tensiunile-raman-ridicate-23688379\">\u00een\u021belegere<\/a> general\u0103 asupra principiilor ce ar putea sta la baza unui acord, de\u0219i Washingtonul sus\u021bine c\u0103 mai exist\u0103 aspecte esen\u021biale de clarificat.<\/p>\n<p>Purt\u0103toarea de cuv\u00e2nt a Casei Albe, Karoline Leavitt, a men\u021bionat c\u0103 op\u021biunea unui atac militar este pe mas\u0103, dar a subliniat c\u0103 \u201ediploma\u021bia este \u00eentotdeauna prima op\u021biune\u201d.<\/p>\n<p>\u00cen acest context, Statele Unite cer Iranului s\u0103 renun\u021be la programul s\u0103u nuclear \u0219i \u00ee\u0219i propun s\u0103 extind\u0103 negocierile pentru a include \u0219i stocurile de rachete. \u00cen schimb, Teheranul a declarat c\u0103 ar fi dispus s\u0103 accepte o limitare a programului s\u0103u \u00een schimbul relax\u0103rii sanc\u021biunilor interna\u021bionale.<\/p>\n","protected":false},"excerpt":{"rendered":"<p>Armata american\u0103 se afl\u0103 \u00eentr-o stare de alert\u0103 crescut\u0103 \u0219i ar putea fi preg\u0103tit\u0103 pentru un atac \u00een cursul acestei s\u0103pt\u0103m\u00e2ni, ca urmare a intensific\u0103rii prezen\u021bei sale militare \u00een Orientul Mijlociu, \u00een contextul tensiunilor crescute cu Iranul. Surse citate de CNN au subliniat c\u0103 pre\u0219edintele Donald Trump nu a luat \u00eenc\u0103 o decizie final\u0103, ci [&hellip;]<\/p>\n","protected":false},"author":2,"featured_media":3911,"comment_status":"open","ping_status":"open","sticky":false,"template":"","format":"standard","meta":{"jnews-multi-image_gallery":[],"jnews_single_post":[],"jnews_primary_category":[],"jnews_override_counter":[],"footnotes":""},"categories":[41],"tags":[6207,6206,914,5122,31,2211,918,6208],"class_list":["post-3910","post","type-post","status-publish","format-standard","has-post-thumbnail","hentry","category-externe","tag-alerta-crescuta","tag-armata-americana","tag-atac","tag-capacitate-de-reactie","tag-jnews_demo_donald-trump","tag-orientul-mijlociu","tag-portavion","tag-tensiuni-iran"],"_links":{"self":[{"href":"https:\/\/www.newsrecorder.ro\/app\/wp-json\/wp\/v2\/posts\/3910","targetHints":{"allow":["GET"]}}],"collection":[{"href":"https:\/\/www.newsrecorder.ro\/app\/wp-json\/wp\/v2\/posts"}],"about":[{"href":"https:\/\/www.newsrecorder.ro\/app\/wp-json\/wp\/v2\/types\/post"}],"author":[{"embeddable":true,"href":"https:\/\/www.newsrecorder.ro\/app\/wp-json\/wp\/v2\/users\/2"}],"replies":[{"embeddable":true,"href":"https:\/\/www.newsrecorder.ro\/app\/wp-json\/wp\/v2\/comments?post=3910"}],"version-history":[{"count":0,"href":"https:\/\/www.newsrecorder.ro\/app\/wp-json\/wp\/v2\/posts\/3910\/revisions"}],"wp:featuredmedia":[{"embeddable":true,"href":"https:\/\/www.newsrecorder.ro\/app\/wp-json\/wp\/v2\/media\/3911"}],"wp:attachment":[{"href":"https:\/\/www.newsrecorder.ro\/app\/wp-json\/wp\/v2\/media?parent=3910"}],"wp:term":[{"taxonomy":"category","embeddable":true,"href":"https:\/\/www.newsrecorder.ro\/app\/wp-json\/wp\/v2\/categories?post=3910"},{"taxonomy":"post_tag","embeddable":true,"href":"https:\/\/www.newsrecorder.ro\/app\/wp-json\/wp\/v2\/tags?post=3910"}],"curies":[{"name":"wp","href":"https:\/\/api.w.org\/{rel}","templated":true}]}}