{"id":3916,"date":"2026-02-19T02:07:39","date_gmt":"2026-02-19T02:07:39","guid":{"rendered":"https:\/\/www.newsrecorder.ro\/app\/2026\/02\/19\/un-cetatean-cambodgian-a-murit-in-custodia-ice-al-saptelea-deces-din-2026\/"},"modified":"2026-02-19T02:07:39","modified_gmt":"2026-02-19T02:07:39","slug":"un-cetatean-cambodgian-a-murit-in-custodia-ice-al-saptelea-deces-din-2026","status":"publish","type":"post","link":"https:\/\/www.newsrecorder.ro\/app\/2026\/02\/19\/un-cetatean-cambodgian-a-murit-in-custodia-ice-al-saptelea-deces-din-2026\/","title":{"rendered":"Un cet\u0103\u021bean cambodgian a murit \u00een custodia ICE: al \u0219aptelea deces din 2026!"},"content":{"rendered":"<p>Un b\u0103rbat cambodgian, \u00een v\u00e2rst\u0103 de 59 de ani, a fost g\u0103sit incon\u0219tient \u00een celula sa la Centrul de Deten\u021bie Miami, iar, din p\u0103cate, a fost declarat decedat, \u00een ciuda eforturilor de salvare depuse at\u00e2t de personalul unit\u0103\u021bii, c\u00e2t \u0219i de serviciile de urgen\u021b\u0103. Comunicatul emis de ICE, citat de Reuters, subliniaz\u0103 c\u0103 \u201ecauza mor\u021bii sale este \u00een curs de investigare\u201d.<\/p>\n<p>B\u0103rbatul, identificat sub numele de Lorth Sim, a sosit \u00een Statele Unite ca refugiat \u00een 1983 \u0219i a ob\u021binut statutul de rezident permanent \u00een 1986. De-a lungul anilor, Sim a avut mai multe \u00eent\u00e2lniri cu legea: a fost arestat pentru tulburarea ordinii publice \u00een 1989, expunere indecent\u0103 \u00een 1996 \u0219i furt \u00een 2005, \u00een urma c\u0103ruia a primit o pedeaps\u0103 cu suspendare \u0219i proba\u021biune, f\u0103r\u0103 a fi \u00eenchis. \u00cen 2006, a fost arestat de ICE, iar un judec\u0103tor de imigrare a dispus expulzarea sa \u00een Cambodgia.<\/p>\n<p>Acest incident reprezint\u0103 cel pu\u021bin al \u0219aptelea deces \u00eenregistrat \u00een 2026 \u00een custodia ICE. De asemenea, decesul survine \u00eentr-un context de critici tot mai accentuate din partea politicienilor democra\u021bi \u0219i a organiza\u021biilor pentru drepturile civile, care denun\u021b\u0103 condi\u021biile inumane din centrele de deten\u021bie pentru imigran\u021bi.<\/p>\n<p>La \u00eenceputul acestui an, un alt de\u021binut, Geraldo Lunas Campos, de origine cubanez\u0103, a fost g\u0103sit mort \u00eentr-un centru de deten\u021bie din Texas. Investiga\u021bia ulterioar\u0103 a stabilit c\u0103 acesta a fost ucis, fiind strangulat de un gardian, conform informa\u021biilor furnizate de The Washington Post.<\/p>\n","protected":false},"excerpt":{"rendered":"<p>Un b\u0103rbat cambodgian, \u00een v\u00e2rst\u0103 de 59 de ani, a fost g\u0103sit incon\u0219tient \u00een celula sa la Centrul de Deten\u021bie Miami, iar, din p\u0103cate, a fost declarat decedat, \u00een ciuda eforturilor de salvare depuse at\u00e2t de personalul unit\u0103\u021bii, c\u00e2t \u0219i de serviciile de urgen\u021b\u0103. Comunicatul emis de ICE, citat de Reuters, subliniaz\u0103 c\u0103 \u201ecauza mor\u021bii [&hellip;]<\/p>\n","protected":false},"author":2,"featured_media":3917,"comment_status":"open","ping_status":"open","sticky":false,"template":"","format":"standard","meta":{"jnews-multi-image_gallery":[],"jnews_single_post":[],"jnews_primary_category":[],"jnews_override_counter":[],"footnotes":""},"categories":[41],"tags":[6209,6210,5831,1899,2705,1886,6211,6212],"class_list":["post-3916","post","type-post","status-publish","format-standard","has-post-thumbnail","hentry","category-externe","tag-barbat-cambodgian","tag-centru-de-detentie","tag-decedat","tag-ice","tag-investigare","tag-miami","tag-refugiat","tag-statut-de-rezident"],"_links":{"self":[{"href":"https:\/\/www.newsrecorder.ro\/app\/wp-json\/wp\/v2\/posts\/3916","targetHints":{"allow":["GET"]}}],"collection":[{"href":"https:\/\/www.newsrecorder.ro\/app\/wp-json\/wp\/v2\/posts"}],"about":[{"href":"https:\/\/www.newsrecorder.ro\/app\/wp-json\/wp\/v2\/types\/post"}],"author":[{"embeddable":true,"href":"https:\/\/www.newsrecorder.ro\/app\/wp-json\/wp\/v2\/users\/2"}],"replies":[{"embeddable":true,"href":"https:\/\/www.newsrecorder.ro\/app\/wp-json\/wp\/v2\/comments?post=3916"}],"version-history":[{"count":0,"href":"https:\/\/www.newsrecorder.ro\/app\/wp-json\/wp\/v2\/posts\/3916\/revisions"}],"wp:featuredmedia":[{"embeddable":true,"href":"https:\/\/www.newsrecorder.ro\/app\/wp-json\/wp\/v2\/media\/3917"}],"wp:attachment":[{"href":"https:\/\/www.newsrecorder.ro\/app\/wp-json\/wp\/v2\/media?parent=3916"}],"wp:term":[{"taxonomy":"category","embeddable":true,"href":"https:\/\/www.newsrecorder.ro\/app\/wp-json\/wp\/v2\/categories?post=3916"},{"taxonomy":"post_tag","embeddable":true,"href":"https:\/\/www.newsrecorder.ro\/app\/wp-json\/wp\/v2\/tags?post=3916"}],"curies":[{"name":"wp","href":"https:\/\/api.w.org\/{rel}","templated":true}]}}