{"id":3918,"date":"2026-02-19T02:07:54","date_gmt":"2026-02-19T02:07:54","guid":{"rendered":"https:\/\/www.newsrecorder.ro\/app\/2026\/02\/19\/atacuri-cibernetice-asupra-disidentilor-chinezi-refugiati-in-italia\/"},"modified":"2026-02-19T02:07:54","modified_gmt":"2026-02-19T02:07:54","slug":"atacuri-cibernetice-asupra-disidentilor-chinezi-refugiati-in-italia","status":"publish","type":"post","link":"https:\/\/www.newsrecorder.ro\/app\/2026\/02\/19\/atacuri-cibernetice-asupra-disidentilor-chinezi-refugiati-in-italia\/","title":{"rendered":"Atacuri cibernetice asupra disiden\u021bilor chinezi refugia\u021bi \u00een Italia!"},"content":{"rendered":"<p>Conform unui comunicat de pres\u0103 emis de autorit\u0103\u021bile italiene, se confirm\u0103 c\u0103 \u201enu au fost sustrase date sensibile legate de activit\u0103\u021bile opera\u021bionale\u201d ale Ministerului de Interne. Aceasta vine \u00een contextul unei serii de atacuri cibernetice care au vizat institu\u021bia \u00eentre anii 2024 \u0219i 2025.<\/p>\n<p>Un raport publicat de La Repubblica sugereaz\u0103 c\u0103 hackerii chinezi au reu\u0219it s\u0103 acceseze o baz\u0103 de date ce con\u021binea informa\u021bii despre aproximativ 5.000 de poli\u021bi\u0219ti italieni. Dintre ace\u0219tia, mul\u021bi erau angaja\u021bi \u00een misiuni de combatere a terorismului \u0219i supraveghere a disiden\u021bilor chinezi care s-au refugiat \u00een Italia.<\/p>\n<p>\u201eDetectarea acestor activit\u0103\u021bi a fost realizat\u0103 rapid de c\u0103tre poli\u021bie, \u00een cadrul monitoriz\u0103rii de rutin\u0103 a sistemelor informatice ale Ministerului\u201d, au declarat oficialii de la Roma, conform <a style=\"color: #0000ff\" href=\"https:\/\/www.lefigaro.fr\/flash-actu\/italie-la-police-annonce-avoir-detecte-des-cyberattaques-visant-des-dissidents-chinois-20260218\">Le Figaro<\/a>.<\/p>\n<p>Italia nu este la prima experien\u021b\u0103 cu atacuri cibernetice. De exemplu, Ministerul italian al Afacerilor Externe a anun\u021bat la \u00eenceputul lunii februarie c\u0103 a reu\u0219it s\u0103 dejace mai multe atacuri cibernetice, despre care se crede c\u0103 au fost orchestrate de <a style=\"color: #0000ff\" href=\"https:\/\/www.mediafax.ro\/stirile-zilei\/italia-a-dejucat-mai-multe-atacuri-cibernetice-rusesti-care-vizau-jocurile-olimpice-de-iarna-23681679\">Rusia<\/a>. Aceste atacuri aveau ca \u021bint\u0103 site-uri guvernamentale \u0219i infrastructura asociat\u0103 Jocurilor Olimpice de Iarn\u0103.<\/p>\n<p>&nbsp;<\/p>\n","protected":false},"excerpt":{"rendered":"<p>Conform unui comunicat de pres\u0103 emis de autorit\u0103\u021bile italiene, se confirm\u0103 c\u0103 \u201enu au fost sustrase date sensibile legate de activit\u0103\u021bile opera\u021bionale\u201d ale Ministerului de Interne. Aceasta vine \u00een contextul unei serii de atacuri cibernetice care au vizat institu\u021bia \u00eentre anii 2024 \u0219i 2025. Un raport publicat de La Repubblica sugereaz\u0103 c\u0103 hackerii chinezi au [&hellip;]<\/p>\n","protected":false},"author":2,"featured_media":3919,"comment_status":"open","ping_status":"open","sticky":false,"template":"","format":"standard","meta":{"jnews-multi-image_gallery":[],"jnews_single_post":[],"jnews_primary_category":[],"jnews_override_counter":[],"footnotes":""},"categories":[41],"tags":[424,6217,6215,6218,6214,6213,6219,6216],"class_list":["post-3918","post","type-post","status-publish","format-standard","has-post-thumbnail","hentry","category-externe","tag-atacuri-cibernetice","tag-combatere-a-terorismului","tag-date-sensibile","tag-disidenti-chinezi","tag-hackerii-chinezi","tag-ministerul-de-interne","tag-monitorizare-sistemelor","tag-politisti-italieni"],"_links":{"self":[{"href":"https:\/\/www.newsrecorder.ro\/app\/wp-json\/wp\/v2\/posts\/3918","targetHints":{"allow":["GET"]}}],"collection":[{"href":"https:\/\/www.newsrecorder.ro\/app\/wp-json\/wp\/v2\/posts"}],"about":[{"href":"https:\/\/www.newsrecorder.ro\/app\/wp-json\/wp\/v2\/types\/post"}],"author":[{"embeddable":true,"href":"https:\/\/www.newsrecorder.ro\/app\/wp-json\/wp\/v2\/users\/2"}],"replies":[{"embeddable":true,"href":"https:\/\/www.newsrecorder.ro\/app\/wp-json\/wp\/v2\/comments?post=3918"}],"version-history":[{"count":0,"href":"https:\/\/www.newsrecorder.ro\/app\/wp-json\/wp\/v2\/posts\/3918\/revisions"}],"wp:featuredmedia":[{"embeddable":true,"href":"https:\/\/www.newsrecorder.ro\/app\/wp-json\/wp\/v2\/media\/3919"}],"wp:attachment":[{"href":"https:\/\/www.newsrecorder.ro\/app\/wp-json\/wp\/v2\/media?parent=3918"}],"wp:term":[{"taxonomy":"category","embeddable":true,"href":"https:\/\/www.newsrecorder.ro\/app\/wp-json\/wp\/v2\/categories?post=3918"},{"taxonomy":"post_tag","embeddable":true,"href":"https:\/\/www.newsrecorder.ro\/app\/wp-json\/wp\/v2\/tags?post=3918"}],"curies":[{"name":"wp","href":"https:\/\/api.w.org\/{rel}","templated":true}]}}