{"id":3924,"date":"2026-02-19T02:09:37","date_gmt":"2026-02-19T02:09:37","guid":{"rendered":"https:\/\/www.newsrecorder.ro\/app\/2026\/02\/19\/ucraina-cere-cio-sa-investigheze-incidentul-cu-voluntara-rusa-la-jo\/"},"modified":"2026-02-19T02:09:37","modified_gmt":"2026-02-19T02:09:37","slug":"ucraina-cere-cio-sa-investigheze-incidentul-cu-voluntara-rusa-la-jo","status":"publish","type":"post","link":"https:\/\/www.newsrecorder.ro\/app\/2026\/02\/19\/ucraina-cere-cio-sa-investigheze-incidentul-cu-voluntara-rusa-la-jo\/","title":{"rendered":"Ucraina cere CIO s\u0103 investigheze incidentul cu voluntara rus\u0103 la JO"},"content":{"rendered":"<p>Un oficial ucrainean a exprimat indignare fa\u021b\u0103 de un incident recent \u00een care Anastasia Kucherova, o voluntar\u0103 de origine rus\u0103, a condus delega\u021bia Ucrainei la ceremonia de deschidere a Jocurilor Olimpice de Iarn\u0103 de la Milano Cortina, purt\u00e2nd pancarta na\u021bional\u0103 a Ucrainei. Acesta a subliniat c\u0103 asemenea ac\u021biuni contravin principiilor sportului interna\u021bional \u0219i a solicitat demararea unei investiga\u021bii interne de c\u0103tre Comitetul Olimpic Interna\u021bional (CIO), conform <a href=\"https:\/\/www.pravda.com.ua\/eng\/news\/2026\/02\/18\/8021630\/\" target=\"_blank\" rel=\"noopener\">Ukrainska Pravda<\/a>.<\/p>\n<p><em>\u201eAlegerea unui cet\u0103\u021bean rus pentru a purta steagul principal este o ru\u0219ine. Aceasta dep\u0103\u0219e\u0219te orice principiu moral sau uman. Nu pot s\u0103 \u00eemi imaginez ce a g\u00e2ndit persoana din cadrul CIO care a aprobat aceast\u0103 cerere,\u201d<\/em> a declarat Heorhii Tykhyi, subliniind gravitatea situa\u021biei.<\/p>\n<p>Purt\u0103torul de cuv\u00e2nt al Ministerului de Externe al Ucrainei a ad\u0103ugat c\u0103, \u00een contextul sportului interna\u021bional, este o practic\u0103 obi\u0219nuit\u0103 ca \u021b\u0103rile aflate \u00een conflict s\u0103 fie separate pentru a preveni contactele directe. Potrivit acestuia, prezen\u021ba rusoaicei al\u0103turi de delega\u021bia Ucrainei \u00eencalc\u0103 spiritul Cartei Olimpice.<\/p>\n<p><a href=\"https:\/\/www.mediafax.ro\/externe\/o-rusoaica-a-purtat-pancarta-ucrainei-la-ceremonia-de-deschidere-a-jocurilor-olimpice-de-iarna-23688393\" target=\"_blank\" rel=\"noopener\">Anastasia Kucherova<\/a>, femeia care a purtat pancarta Ucrainei, este o voluntar\u0103 rus\u0103 stabilit\u0103 \u00een Milano. Aceasta a decis s\u0103 sprijine Ucraina prin aceast\u0103 ac\u021biune simbolic\u0103.<\/p>\n<p>\u00cen alt\u0103 ordine de idei, purt\u0103torul de cuv\u00e2nt a discutat \u0219i despre participarea sportivilor ru\u0219i \u0219i bieloru\u0219i la Jocurile Paralimpice din 2026, unde ace\u0219tia vor concura sub steagurile na\u021bionale ale \u021b\u0103rilor lor. \u201eDin p\u0103cate, aceasta nu este singura ru\u0219ine care vine din partea sportului na\u021bional \u00een aceste zile. Avem mari \u00eengrijor\u0103ri \u0219i lupt\u0103m activ \u00eempotriva acestor \u00eencerc\u0103ri de a minimaliza crimele de r\u0103zboi ale Rusiei,\u201d a continuat oficialul ucrainean.<\/p>\n<p>De asemenea, purt\u0103torul de cuv\u00e2nt a men\u021bionat c\u0103 <a href=\"https:\/\/www.mediafax.ro\/sport\/boicot-la-jocurile-paralimpice-de-iarna-dupa-ce-rusilor-li-s-a-permis-concurarea-sub-steag-oficialii-ucraineni-nu-vor-participa-la-niciun-eveniment-23689109\" target=\"_blank\" rel=\"noopener\">Andrii Sybiha<\/a>, ministrul de Externe al Ucrainei, a contactat deja ambasadorii ucraineni, cer\u00e2ndu-le s\u0103 se conecteze cu oficialii din alte \u021b\u0103ri pentru a-i \u00eendemna s\u0103 nu participe la ceremonia de deschidere a Jocurilor Paralimpice.<\/p>\n<p>\u201eEste ru\u0219inos ca acest steag, sub care au fost comise 185.000 de crime de r\u0103zboi \u00een ultimii patru ani, s\u0103 fluture la Jocurile Paralimpice,\u201d a concluzionat purt\u0103torul de cuv\u00e2nt al Ministerului ucrainean de Externe, eviden\u021biind gravitatea acestor evenimente.<\/p>\n","protected":false},"excerpt":{"rendered":"<p>Un oficial ucrainean a exprimat indignare fa\u021b\u0103 de un incident recent \u00een care Anastasia Kucherova, o voluntar\u0103 de origine rus\u0103, a condus delega\u021bia Ucrainei la ceremonia de deschidere a Jocurilor Olimpice de Iarn\u0103 de la Milano Cortina, purt\u00e2nd pancarta na\u021bional\u0103 a Ucrainei. Acesta a subliniat c\u0103 asemenea ac\u021biuni contravin principiilor sportului interna\u021bional \u0219i a solicitat [&hellip;]<\/p>\n","protected":false},"author":2,"featured_media":3925,"comment_status":"open","ping_status":"open","sticky":false,"template":"","format":"standard","meta":{"jnews-multi-image_gallery":[],"jnews_single_post":[],"jnews_primary_category":[],"jnews_override_counter":[],"footnotes":""},"categories":[41],"tags":[5851,6226,684,1079,5536,6228,6227,4756],"class_list":["post-3924","post","type-post","status-publish","format-standard","has-post-thumbnail","hentry","category-externe","tag-anastasia-kucherova","tag-comitetul-olimpic-international","tag-conflict","tag-investigatie","tag-jocurile-olimpice-de-iarna","tag-principii-morale","tag-steagul-ucrainian","tag-ucrainean"],"_links":{"self":[{"href":"https:\/\/www.newsrecorder.ro\/app\/wp-json\/wp\/v2\/posts\/3924","targetHints":{"allow":["GET"]}}],"collection":[{"href":"https:\/\/www.newsrecorder.ro\/app\/wp-json\/wp\/v2\/posts"}],"about":[{"href":"https:\/\/www.newsrecorder.ro\/app\/wp-json\/wp\/v2\/types\/post"}],"author":[{"embeddable":true,"href":"https:\/\/www.newsrecorder.ro\/app\/wp-json\/wp\/v2\/users\/2"}],"replies":[{"embeddable":true,"href":"https:\/\/www.newsrecorder.ro\/app\/wp-json\/wp\/v2\/comments?post=3924"}],"version-history":[{"count":0,"href":"https:\/\/www.newsrecorder.ro\/app\/wp-json\/wp\/v2\/posts\/3924\/revisions"}],"wp:featuredmedia":[{"embeddable":true,"href":"https:\/\/www.newsrecorder.ro\/app\/wp-json\/wp\/v2\/media\/3925"}],"wp:attachment":[{"href":"https:\/\/www.newsrecorder.ro\/app\/wp-json\/wp\/v2\/media?parent=3924"}],"wp:term":[{"taxonomy":"category","embeddable":true,"href":"https:\/\/www.newsrecorder.ro\/app\/wp-json\/wp\/v2\/categories?post=3924"},{"taxonomy":"post_tag","embeddable":true,"href":"https:\/\/www.newsrecorder.ro\/app\/wp-json\/wp\/v2\/tags?post=3924"}],"curies":[{"name":"wp","href":"https:\/\/api.w.org\/{rel}","templated":true}]}}